{"id":100,"date":"2015-10-15T20:48:29","date_gmt":"2015-10-15T20:48:29","guid":{"rendered":""},"modified":"-0001-11-30T00:00:00","modified_gmt":"-0001-11-29T22:00:00","slug":"","status":"publish","type":"post","link":"http:\/\/www.chapelle-crecy.com\/?p=100","title":{"rendered":"L&rsquo;Equipe d&rsquo;Animation Pastorale (EAP)"},"content":{"rendered":"<div align=\"justify\">Voici la pr\u00e9sentation de l&rsquo;\u00e9quipe d&rsquo;animation pastorale de la paroisse de Cr\u00e9cy, Villiers et Voulangis, paroisse appartenant au P\u00f4le missionnaire de Meaux<\/div>\n<p>Membres de droit<\/p>\n<table bgcolor =\"F0FAFF\" border=0>\n<tbody>\n<tr>\n<td width=33%>\n<div align=\"center\"><img decoding=\"async\" src=\"\/IMG\/reportages\/tleroy\/02.jpg\" height=220><\/div>\n<\/td>\n<td width=33%>\n<div align=\"center\"><img decoding=\"async\" src=\"\/IMG\/personnes\/pere-antoine.jpg\" height=220 ><\/div>\n<\/td>\n<td width=33%>\n<div align=\"center\"><img decoding=\"async\" src=\"\/IMG\/personnes\/pere-francois_olivier.jpg\" height=220><\/div>\n<\/td>\n<\/tr>\n<tr>\n<td width=33%>\n<div align=\"center\"><b>P\u00e8re Thierry LEROY<\/b><br \/>Cur\u00e9 du P\u00f4le Missionnaire de Meaux<\/div>\n<\/td>\n<td width=33%>\n<div align=\"center\"><b>P\u00e8re Antoine DUNIA<\/b><br \/>Pr\u00eatre r\u00e9f\u00e9rent du secteur paroissial des 3 clochers<\/div>\n<\/td>\n<td width=33%>\n<div align=\"center\"><b>P\u00e8re Fran\u00e7ois-Olivier LARCHER<\/b><br \/>Pr\u00eatre r\u00e9sident au presbyt\u00e8re de Cr\u00e9cy, en fonction chez les Augustines de Meaux.<\/div>\n<\/td>\n<\/tr>\n<\/tbody>\n<\/table>\n<p>Membres appel\u00e9s : <\/p>\n<table bgcolor =\"F0FAFF\" border=0>\n<tbody>\n<tr>\n<tr>\n<td width=33%>\n<div align=\"center\"><img decoding=\"async\" src=\"\/IMG\/personnes\/joel_lahaille.jpg\"  height=220><\/div>\n<\/td>\n<td width=33%>\n<div align=\"center\"><img decoding=\"async\" src=\"\/IMG\/jpg\/evelyne_reydel.jpg\" height=220>\n<\/div>\n<\/td>\n<td width=33%>\n<div align=\"center\"><img decoding=\"async\" src=\"\/IMG\/personnes\/laetitia.jpg\" height=220>\n<\/div>\n<\/td>\n<\/tr>\n<tr>\n<td width=33%>\n<div align=\"center\"><b>Jo\u00ebl Lahaille<\/b><br \/>coordinateur,<\/div>\n<\/td>\n<td width=33%>\n<div align=\"center\"><b>Evelyne Reydel<\/b><br \/>Liturgie, cat\u00e9chum\u00e9nat, groupe de pri\u00e8re<\/div>\n<\/td>\n<td width=33%>\n<div align=\"center\"><b>Laetitia Fouilland<\/b><br \/>Cat\u00e9ch\u00e8se<\/div>\n<\/td>\n<\/tr>\n<tr>\n<td width=33%>\n<div align=\"center\"><\/div>\n<\/td>\n<td width=33%>\n<div align=\"center\"><img decoding=\"async\" src=\"\/IMG\/jpg\/eliane_macquart.jpg\" height=220><\/div>\n<\/td>\n<td width=33%>\n<div align=\"center\"><img decoding=\"async\" src=\"\/IMG\/personnes\/frederique.jpg\" height=220><\/div>\n<\/td>\n<\/tr>\n<tr>\n<td width=33%>\n<div align=\"center\"> <\/div>\n<\/td>\n<td width=33%>\n<div align=\"center\"><b>Eliane Macquart<\/b><br \/>Annonces, qu\u00eates <\/div>\n<\/td>\n<td width=33%>\n<div align=\"center\"><b>Fr\u00e9d\u00e9rique Oget<\/b><br \/>Charit\u00e9 et solidarit\u00e9,<br \/>\nVisites d&rsquo;\u00e9glises<\/div>\n<\/td>\n<\/tr>\n<tr>\n<td width=33%><\/td>\n<td width=33%>\n<div align=\"center\"><b><\/b><\/div>\n<\/td>\n<\/tr>\n<\/tbody>\n<\/table>\n","protected":false},"excerpt":{"rendered":"<p>Voici la pr\u00e9sentation de l&rsquo;\u00e9quipe d&rsquo;animation pastorale de la paroisse de Cr\u00e9cy, Villiers et Voulangis, paroisse appartenant au P\u00f4le missionnaire de Meaux Membres de droit P\u00e8re Thierry LEROYCur\u00e9 du P\u00f4le Missionnaire de Meaux P\u00e8re&#46;&#46;&#46;<\/p>\n","protected":false},"author":2,"featured_media":0,"comment_status":"open","ping_status":"open","sticky":false,"template":"","format":"standard","meta":{"footnotes":""},"categories":[],"tags":[],"class_list":["post-100","post","type-post","status-publish","format-standard","hentry"],"_links":{"self":[{"href":"http:\/\/www.chapelle-crecy.com\/index.php?rest_route=\/wp\/v2\/posts\/100","targetHints":{"allow":["GET"]}}],"collection":[{"href":"http:\/\/www.chapelle-crecy.com\/index.php?rest_route=\/wp\/v2\/posts"}],"about":[{"href":"http:\/\/www.chapelle-crecy.com\/index.php?rest_route=\/wp\/v2\/types\/post"}],"author":[{"embeddable":true,"href":"http:\/\/www.chapelle-crecy.com\/index.php?rest_route=\/wp\/v2\/users\/2"}],"replies":[{"embeddable":true,"href":"http:\/\/www.chapelle-crecy.com\/index.php?rest_route=%2Fwp%2Fv2%2Fcomments&post=100"}],"version-history":[{"count":0,"href":"http:\/\/www.chapelle-crecy.com\/index.php?rest_route=\/wp\/v2\/posts\/100\/revisions"}],"wp:attachment":[{"href":"http:\/\/www.chapelle-crecy.com\/index.php?rest_route=%2Fwp%2Fv2%2Fmedia&parent=100"}],"wp:term":[{"taxonomy":"category","embeddable":true,"href":"http:\/\/www.chapelle-crecy.com\/index.php?rest_route=%2Fwp%2Fv2%2Fcategories&post=100"},{"taxonomy":"post_tag","embeddable":true,"href":"http:\/\/www.chapelle-crecy.com\/index.php?rest_route=%2Fwp%2Fv2%2Ftags&post=100"}],"curies":[{"name":"wp","href":"https:\/\/api.w.org\/{rel}","templated":true}]}}