{"id":1005,"date":"2016-07-31T17:46:35","date_gmt":"2016-07-31T17:46:35","guid":{"rendered":""},"modified":"-0001-11-30T00:00:00","modified_gmt":"-0001-11-29T22:00:00","slug":"","status":"publish","type":"post","link":"http:\/\/www.chapelle-crecy.com\/?p=1005","title":{"rendered":"Annonces du 1er au 7 aout 2016"},"content":{"rendered":"<div align=\"justify\">Voici les annonces de la semaine du lundi 1er au dimanche 7 aout 2016 pour la paroisse des 3 clochers Cr\u00e9cy-la-Chapelle, Villiers-sur-Morin, Voulangis. <\/p>\n<p>Dimanche 7 \u00e0\u00a0 <font color=\"#FF0000\">9 h 30<\/font>, messe \u00e0\u00a0  VILLIERS. <\/p>\n<p>Tous les d\u00e9tails dans la suite &#8230;\n<\/p><\/div>\n<div align=\"center\">\n<table bgcolor =\"F0F0F6\" border=0>\n<tbody>\n<td ><font color=\"0E0C40\"><\/p>\n<div align=\"center\"><b>Lundi 1er aout<\/b><br \/> <br \/>\n<i>Saint Alphonse de Liguori<\/i><br \/>\n17 h &#8211; C\u00e9l\u00e9bration \u00e0 la Maison de Retraite.<\/p>\n<p><b>Mardi 2 aout<\/b><br \/> <br \/>\n<i>Saint Eus\u00e8be<\/i><br \/>\n18 h  Messe \u00e0 Voulangis pour Val\u00e9rie SCHULLER et Patrick FARAOULT.<\/p>\n<p><b>Mercredi 3 aout<br \/><\/b><br \/>\n9 h &#8211; Messe \u00e0 Voulangis pour pour Christian CORNEAU et Sabine BATARD.<\/div>\n<p><\/font><\/td>\n<td><font color=\"0E0C40\"><\/p>\n<div align=\"center\"><img decoding=\"async\" src=\"\/IMG\/personnes\/alphonse_liguori.jpg\" width=250><br \/>\n<i>Saint Alphonse de Liguori<\/i><\/div>\n<p><\/font><\/td>\n<\/tr>\n<\/tbody>\n<\/table>\n<table bgcolor =\"FFF6F0\" border=0>\n<tbody>\n<tr>\n<td><font color=\"00CC00\"><\/p>\n<div align=\"center\"><img decoding=\"async\" src=\"\/IMG\/personnes\/cure_ars.jpg\" width=250 ><br \/>\n<i>Saint Jean-Marie Vianney &#8211; Cur\u00e9 d&rsquo;Ars<\/i>\n<\/div>\n<p><\/font><\/td>\n<td><font color=\"00CC00\"><\/p>\n<div align=\"center\">\n<b>Jeudi 4 aout<\/b><br \/>\n<i>Saint Jean-Marie Vianney<\/i><br \/>\n18 h &#8211; Messe \u00e0 Voulangis pour Jacqueline KUNTZ et Andr\u00e9 RAOULT.<\/p>\n<p><b>Vendredi 5 aout<\/b><br \/>\n<i>D\u00e9dicace de la Basilique Sainte Marie Majeure<\/i><br \/>\n9 h &#8211; Messe \u00e0 Voulangis pour Suzette TENAGUILLO et Georges PICARD.\n<\/div>\n<p><\/font><\/td>\n<\/tr>\n<\/tbody>\n<\/table>\n<table bgcolor =\"F0F0F6\" border=0>\n<tbody>\n<tr>\n<td><font color=\"0020FF\"><\/p>\n<div align=\"center\"><b>Samedi 6 aout<\/b><\/p>\n<p>Pas de messe anticip\u00e9e durant les mois de juillet et ao\u00fbt.<\/p>\n<p><b>Dimanche 7 aout<\/b><br \/> <br \/>\n9 h 30 &#8211; Messe \u00e0 Villiers pour Maurice MEUNIER et Fran\u00e7ois de LAUBRIERE. <br \/>\nNB : ATTENTION ! LES MESSES DOMINICALES ONT LIEU A 9H30 EN AO\u00c3\u203aT\n<\/div>\n<p><\/font><\/td>\n<td><font color=\"0020FF\"><\/p>\n<div align=\"center\"><img decoding=\"async\" src=\"\/IMG\/lieux\/villiers_eglise2.jpg\" width=250><\/div>\n<p><\/font><\/td>\n<\/tr>\n<\/tbody>\n<\/table>\n<\/div>\n","protected":false},"excerpt":{"rendered":"<p>Voici les annonces de la semaine du lundi 1er au dimanche 7 aout 2016 pour la paroisse des 3 clochers Cr\u00e9cy-la-Chapelle, Villiers-sur-Morin, Voulangis. Dimanche 7 \u00e0\u00a0 9 h 30, messe \u00e0\u00a0 VILLIERS. Tous les&#46;&#46;&#46;<\/p>\n","protected":false},"author":2,"featured_media":0,"comment_status":"open","ping_status":"open","sticky":false,"template":"","format":"standard","meta":{"footnotes":""},"categories":[],"tags":[],"class_list":["post-1005","post","type-post","status-publish","format-standard","hentry"],"_links":{"self":[{"href":"http:\/\/www.chapelle-crecy.com\/index.php?rest_route=\/wp\/v2\/posts\/1005","targetHints":{"allow":["GET"]}}],"collection":[{"href":"http:\/\/www.chapelle-crecy.com\/index.php?rest_route=\/wp\/v2\/posts"}],"about":[{"href":"http:\/\/www.chapelle-crecy.com\/index.php?rest_route=\/wp\/v2\/types\/post"}],"author":[{"embeddable":true,"href":"http:\/\/www.chapelle-crecy.com\/index.php?rest_route=\/wp\/v2\/users\/2"}],"replies":[{"embeddable":true,"href":"http:\/\/www.chapelle-crecy.com\/index.php?rest_route=%2Fwp%2Fv2%2Fcomments&post=1005"}],"version-history":[{"count":0,"href":"http:\/\/www.chapelle-crecy.com\/index.php?rest_route=\/wp\/v2\/posts\/1005\/revisions"}],"wp:attachment":[{"href":"http:\/\/www.chapelle-crecy.com\/index.php?rest_route=%2Fwp%2Fv2%2Fmedia&parent=1005"}],"wp:term":[{"taxonomy":"category","embeddable":true,"href":"http:\/\/www.chapelle-crecy.com\/index.php?rest_route=%2Fwp%2Fv2%2Fcategories&post=1005"},{"taxonomy":"post_tag","embeddable":true,"href":"http:\/\/www.chapelle-crecy.com\/index.php?rest_route=%2Fwp%2Fv2%2Ftags&post=1005"}],"curies":[{"name":"wp","href":"https:\/\/api.w.org\/{rel}","templated":true}]}}