{"id":1008,"date":"2016-08-18T22:23:39","date_gmt":"2016-08-18T22:23:39","guid":{"rendered":""},"modified":"-0001-11-30T00:00:00","modified_gmt":"-0001-11-29T22:00:00","slug":"","status":"publish","type":"post","link":"http:\/\/www.chapelle-crecy.com\/?p=1008","title":{"rendered":"Avis d&rsquo;obs\u00e8ques"},"content":{"rendered":"<p>Les obs\u00e8ques religieuses de Madame Marthe PHILIPPOT n\u00e9e TESTARD seront c\u00e9l\u00e9br\u00e9es le vendredi 19 Aout 2016 \u00e0\u00a0 10h 30 en l&rsquo;Eglise St-Georges de GUERARD.<br \/>\nL&rsquo;inhumation aura lieu dans I&rsquo;intimit\u00e9 familiale au cimeti\u00e8re de la commune.<\/p>\n<p> <a href=\"\/IMG\/pdf\/obseques_19082016.pdf\"><u>Consulter le faire-part<\/div>\n<p><\/u><\/p>\n","protected":false},"excerpt":{"rendered":"<p>Les obs\u00e8ques religieuses de Madame Marthe PHILIPPOT n\u00e9e TESTARD seront c\u00e9l\u00e9br\u00e9es le vendredi 19 Aout 2016 \u00e0\u00a0 10h 30 en l&rsquo;Eglise St-Georges de GUERARD. L&rsquo;inhumation aura lieu dans I&rsquo;intimit\u00e9 familiale au cimeti\u00e8re de la&#46;&#46;&#46;<\/p>\n","protected":false},"author":2,"featured_media":0,"comment_status":"open","ping_status":"open","sticky":false,"template":"","format":"standard","meta":{"footnotes":""},"categories":[],"tags":[],"class_list":["post-1008","post","type-post","status-publish","format-standard","hentry"],"_links":{"self":[{"href":"http:\/\/www.chapelle-crecy.com\/index.php?rest_route=\/wp\/v2\/posts\/1008","targetHints":{"allow":["GET"]}}],"collection":[{"href":"http:\/\/www.chapelle-crecy.com\/index.php?rest_route=\/wp\/v2\/posts"}],"about":[{"href":"http:\/\/www.chapelle-crecy.com\/index.php?rest_route=\/wp\/v2\/types\/post"}],"author":[{"embeddable":true,"href":"http:\/\/www.chapelle-crecy.com\/index.php?rest_route=\/wp\/v2\/users\/2"}],"replies":[{"embeddable":true,"href":"http:\/\/www.chapelle-crecy.com\/index.php?rest_route=%2Fwp%2Fv2%2Fcomments&post=1008"}],"version-history":[{"count":0,"href":"http:\/\/www.chapelle-crecy.com\/index.php?rest_route=\/wp\/v2\/posts\/1008\/revisions"}],"wp:attachment":[{"href":"http:\/\/www.chapelle-crecy.com\/index.php?rest_route=%2Fwp%2Fv2%2Fmedia&parent=1008"}],"wp:term":[{"taxonomy":"category","embeddable":true,"href":"http:\/\/www.chapelle-crecy.com\/index.php?rest_route=%2Fwp%2Fv2%2Fcategories&post=1008"},{"taxonomy":"post_tag","embeddable":true,"href":"http:\/\/www.chapelle-crecy.com\/index.php?rest_route=%2Fwp%2Fv2%2Ftags&post=1008"}],"curies":[{"name":"wp","href":"https:\/\/api.w.org\/{rel}","templated":true}]}}