{"id":101,"date":"2010-10-21T08:00:00","date_gmt":"2010-10-21T08:00:00","guid":{"rendered":""},"modified":"-0001-11-30T00:00:00","modified_gmt":"-0001-11-29T22:00:00","slug":"","status":"publish","type":"post","link":"http:\/\/www.chapelle-crecy.com\/?p=101","title":{"rendered":"Permanence d&rsquo;accueil"},"content":{"rendered":"<div align=\"justify\">Dans l&rsquo;Eglise, Peuple de Dieu, les la\u00efcs se doivent d&rsquo;accueillir  tous<br \/>\nceux qui, \u00e0\u00a0 un moment de leur vie, poussent la porte du presbyt\u00e8re<br \/>\npour demander un service, un renseignement, ou trouver une \u00e9coute<br \/>\nattentive.<\/p>\n<p>Avec le P\u00e8re Philippe LEGRAND, notre pr\u00eatre r\u00e9f\u00e9rent, et le P\u00e8re<br \/>\nAim\u00e9 HOUNZANDJI, pr\u00eatre b\u00e9ninois \u00e9tudiant \u00e0\u00a0 Paris, toute l&rsquo;\u00e9quipe<br \/>\nd&rsquo;Accueil de la Paroisse sera heureuse de vous recevoir au presbyt\u00e8re<br \/>\nde Cr\u00e9cy le MERCREDI de 17 h \u00e0\u00a0 19 h, et le SAMEDI de 10 h \u00e0\u00a0 12 h.<\/p>\n<p>Qu&rsquo;il s&rsquo;agisse de vous renseigner pour vos d\u00e9marches paroissiales<br \/>\n(bapt\u00eame, mariage, information, etc ), que vous d\u00e9siriez utiliser l\u02dc\u00e9glise Saint Georges ou la Coll\u00e9giale pour une manifestation culturelle, ou<br \/>\nque vous souhaitiez participer \u00e0\u00a0 la vie paroissiale, contactez-nous au<br \/>\n01.64.63.82.77<\/p><\/div>\n<table bgcolor =\"F0FAFF\" border=0>\n<tbody>\n<tr>\n<td>\n<div align=\"justify\">\n<p><b>Coordinateurs :<\/b> Alain et Eliane Macquart. tel : 01.64.63.84.56<\/p>\n<p><b>Membres : <\/b><br \/>\nJos\u00e9e Bacoup, Bernadette Buisset, Brigitte Calonne, Christiane Catau, Claude Catau, Georges Dedieu, Jacques de Pena, Pierrette de Pena, Jacques Guillaumy, Madeleine Morel, Michel Perrin, Colette Poiret, Jean Rosier.<\/p>\n<p><b>Secr\u00e9tariat paroisse : <\/b>Lucette Bornier.<\/p>\n<p><b>Annonces paroissiales : <\/b>Eliane Macquart.\n<\/div>\n<\/td>\n<\/tr>\n<\/tbody>\n<\/table>\n","protected":false},"excerpt":{"rendered":"<p>Dans l&rsquo;Eglise, Peuple de Dieu, les la\u00efcs se doivent d&rsquo;accueillir tous ceux qui, \u00e0\u00a0 un moment de leur vie, poussent la porte du presbyt\u00e8re pour demander un service, un renseignement, ou trouver une \u00e9coute&#46;&#46;&#46;<\/p>\n","protected":false},"author":2,"featured_media":0,"comment_status":"open","ping_status":"open","sticky":false,"template":"","format":"standard","meta":{"footnotes":""},"categories":[],"tags":[],"class_list":["post-101","post","type-post","status-publish","format-standard","hentry"],"_links":{"self":[{"href":"http:\/\/www.chapelle-crecy.com\/index.php?rest_route=\/wp\/v2\/posts\/101","targetHints":{"allow":["GET"]}}],"collection":[{"href":"http:\/\/www.chapelle-crecy.com\/index.php?rest_route=\/wp\/v2\/posts"}],"about":[{"href":"http:\/\/www.chapelle-crecy.com\/index.php?rest_route=\/wp\/v2\/types\/post"}],"author":[{"embeddable":true,"href":"http:\/\/www.chapelle-crecy.com\/index.php?rest_route=\/wp\/v2\/users\/2"}],"replies":[{"embeddable":true,"href":"http:\/\/www.chapelle-crecy.com\/index.php?rest_route=%2Fwp%2Fv2%2Fcomments&post=101"}],"version-history":[{"count":0,"href":"http:\/\/www.chapelle-crecy.com\/index.php?rest_route=\/wp\/v2\/posts\/101\/revisions"}],"wp:attachment":[{"href":"http:\/\/www.chapelle-crecy.com\/index.php?rest_route=%2Fwp%2Fv2%2Fmedia&parent=101"}],"wp:term":[{"taxonomy":"category","embeddable":true,"href":"http:\/\/www.chapelle-crecy.com\/index.php?rest_route=%2Fwp%2Fv2%2Fcategories&post=101"},{"taxonomy":"post_tag","embeddable":true,"href":"http:\/\/www.chapelle-crecy.com\/index.php?rest_route=%2Fwp%2Fv2%2Ftags&post=101"}],"curies":[{"name":"wp","href":"https:\/\/api.w.org\/{rel}","templated":true}]}}