{"id":1012,"date":"2016-08-27T18:58:20","date_gmt":"2016-08-27T18:58:20","guid":{"rendered":""},"modified":"-0001-11-30T00:00:00","modified_gmt":"-0001-11-29T22:00:00","slug":"","status":"publish","type":"post","link":"http:\/\/www.chapelle-crecy.com\/?p=1012","title":{"rendered":"Annonces du 29 aout au 4 sept. 2016"},"content":{"rendered":"<div align=\"justify\">Voici les annonces de la semaine du lundi 29 aout au dimanche 4 septembre 2016 pour la paroisse des 3 clochers Cr\u00e9cy-la-Chapelle, Villiers-sur-Morin, Voulangis. <\/p>\n<p>Dimanche 4 \u00e0\u00a0 10 h 30, messe \u00e0\u00a0  Villiers. <\/p>\n<p>Tous les d\u00e9tails dans la suite &#8230;\n<\/p><\/div>\n<div align=\"center\">\n<table bgcolor =\"F0F0F6\" border=0>\n<tbody>\n<td ><font color=\"0E0C40\"><\/p>\n<div align=\"center\"><b>Lundi 29 aout<\/b><br \/>\n<i>Martyre de st Jean-Baptiste<\/i><br \/>\n17 h &#8211; C\u00e9l\u00e9bration \u00e0 la Maison de Retraite.<\/p>\n<p><b>Mardi 30 aout<\/b><br \/> <br \/>\n<i>St Fiacre<\/i><br \/>\n18 h  Messe \u00e0 Voulangis pour Marie-Louise CAIN  et Julien MASSON.<\/p>\n<p><b>Mercredi 31 aout<br \/><\/b><br \/>\n9 h &#8211; Messe \u00e0 Voulangis pour la famille ROSIER-CHIQUET.<\/div>\n<p><\/font><\/td>\n<td><font color=\"0E0C40\"><\/p>\n<div align=\"center\"><img decoding=\"async\" src=\"\/IMG\/personnes\/fiacre06.jpg\" width=250><br \/><i>Saint Fiacre<\/i><\/div>\n<p><\/font><\/td>\n<\/tr>\n<\/tbody>\n<\/table>\n<table bgcolor =\"FFF6F0\" border=0>\n<tbody>\n<tr>\n<td><font color=\"00CC00\"><\/p>\n<div align=\"center\"><img decoding=\"async\" src=\"\/IMG\/personnes\/loup.jpg\" width=250 ><br \/>\n<i>Saint Loup<\/i>\n<\/div>\n<p><\/font><\/td>\n<td><font color=\"00CC00\"><\/p>\n<div align=\"center\">\n<b>Jeudi 1er septembre<\/b><br \/>\n<i>St Loup<\/i><br \/> <br \/>\n9 h30 &#8211;   Messe \u00e0 Voulangis  pour Nelly DELORAINE et Andr\u00e9 SALTEL<\/p>\n<p><b>Samedi 3 septembre<\/b><br \/>\n15 h 30  &#8211; A la Coll\u00e9giale  : Mariage de Maxime BOUCARD et  Andreia TODORUT.<\/p>\n<p><b>Dimanche 4 septembre<\/b><br \/> <br \/>\n10 h 30 &#8211;  A  Villiers,  messe anniversaire pour Claude LABE.<br \/>\nNous la  c\u00e9l\u00e9brons aussi pour la famille RONDEL et Andr\u00e9 CHAMPIN.\n<\/div>\n<p><\/font><\/td>\n<\/tr>\n<\/tbody>\n<\/table>\n<\/div>\n","protected":false},"excerpt":{"rendered":"<p>Voici les annonces de la semaine du lundi 29 aout au dimanche 4 septembre 2016 pour la paroisse des 3 clochers Cr\u00e9cy-la-Chapelle, Villiers-sur-Morin, Voulangis. Dimanche 4 \u00e0\u00a0 10 h 30, messe \u00e0\u00a0 Villiers. Tous&#46;&#46;&#46;<\/p>\n","protected":false},"author":2,"featured_media":0,"comment_status":"open","ping_status":"open","sticky":false,"template":"","format":"standard","meta":{"footnotes":""},"categories":[],"tags":[],"class_list":["post-1012","post","type-post","status-publish","format-standard","hentry"],"_links":{"self":[{"href":"http:\/\/www.chapelle-crecy.com\/index.php?rest_route=\/wp\/v2\/posts\/1012","targetHints":{"allow":["GET"]}}],"collection":[{"href":"http:\/\/www.chapelle-crecy.com\/index.php?rest_route=\/wp\/v2\/posts"}],"about":[{"href":"http:\/\/www.chapelle-crecy.com\/index.php?rest_route=\/wp\/v2\/types\/post"}],"author":[{"embeddable":true,"href":"http:\/\/www.chapelle-crecy.com\/index.php?rest_route=\/wp\/v2\/users\/2"}],"replies":[{"embeddable":true,"href":"http:\/\/www.chapelle-crecy.com\/index.php?rest_route=%2Fwp%2Fv2%2Fcomments&post=1012"}],"version-history":[{"count":0,"href":"http:\/\/www.chapelle-crecy.com\/index.php?rest_route=\/wp\/v2\/posts\/1012\/revisions"}],"wp:attachment":[{"href":"http:\/\/www.chapelle-crecy.com\/index.php?rest_route=%2Fwp%2Fv2%2Fmedia&parent=1012"}],"wp:term":[{"taxonomy":"category","embeddable":true,"href":"http:\/\/www.chapelle-crecy.com\/index.php?rest_route=%2Fwp%2Fv2%2Fcategories&post=1012"},{"taxonomy":"post_tag","embeddable":true,"href":"http:\/\/www.chapelle-crecy.com\/index.php?rest_route=%2Fwp%2Fv2%2Ftags&post=1012"}],"curies":[{"name":"wp","href":"https:\/\/api.w.org\/{rel}","templated":true}]}}