{"id":1013,"date":"2016-08-30T09:53:57","date_gmt":"2016-08-30T09:53:57","guid":{"rendered":""},"modified":"-0001-11-30T00:00:00","modified_gmt":"-0001-11-29T22:00:00","slug":"","status":"publish","type":"post","link":"http:\/\/www.chapelle-crecy.com\/?p=1013","title":{"rendered":"Rentr\u00e9e du cat\u00e9chisme 2016"},"content":{"rendered":"<div align=\"justify\">\nLes inscriptions au Cat\u00e9chisme auront lieu les SAMEDIS 3 et 10 SEPTEMBRE<br \/>\nde 10 h \u00e0\u00a0 12 h au presbyt\u00e8re durant  les permanences d&rsquo;Accueil.<\/p>\n<p>R\u00e9union pour les parents :<br \/>\n&#8211; 1\u00e8re et 4e ann\u00e9es de cat\u00e9chisme : Jeudi 15 septembre \u00e0\u00a0 20 h 30<br \/>\n&#8211; 2e et 3e ann\u00e9es de cat\u00e9chisme : Vendredi 16 septembre \u00e0\u00a0 20 h 30\n<\/p><\/div>\n","protected":false},"excerpt":{"rendered":"<p>Les inscriptions au Cat\u00e9chisme auront lieu les SAMEDIS 3 et 10 SEPTEMBRE de 10 h \u00e0\u00a0 12 h au presbyt\u00e8re durant les permanences d&rsquo;Accueil. R\u00e9union pour les parents : &#8211; 1\u00e8re et 4e ann\u00e9es&#46;&#46;&#46;<\/p>\n","protected":false},"author":2,"featured_media":0,"comment_status":"open","ping_status":"open","sticky":false,"template":"","format":"standard","meta":{"footnotes":""},"categories":[],"tags":[],"class_list":["post-1013","post","type-post","status-publish","format-standard","hentry"],"_links":{"self":[{"href":"http:\/\/www.chapelle-crecy.com\/index.php?rest_route=\/wp\/v2\/posts\/1013","targetHints":{"allow":["GET"]}}],"collection":[{"href":"http:\/\/www.chapelle-crecy.com\/index.php?rest_route=\/wp\/v2\/posts"}],"about":[{"href":"http:\/\/www.chapelle-crecy.com\/index.php?rest_route=\/wp\/v2\/types\/post"}],"author":[{"embeddable":true,"href":"http:\/\/www.chapelle-crecy.com\/index.php?rest_route=\/wp\/v2\/users\/2"}],"replies":[{"embeddable":true,"href":"http:\/\/www.chapelle-crecy.com\/index.php?rest_route=%2Fwp%2Fv2%2Fcomments&post=1013"}],"version-history":[{"count":0,"href":"http:\/\/www.chapelle-crecy.com\/index.php?rest_route=\/wp\/v2\/posts\/1013\/revisions"}],"wp:attachment":[{"href":"http:\/\/www.chapelle-crecy.com\/index.php?rest_route=%2Fwp%2Fv2%2Fmedia&parent=1013"}],"wp:term":[{"taxonomy":"category","embeddable":true,"href":"http:\/\/www.chapelle-crecy.com\/index.php?rest_route=%2Fwp%2Fv2%2Fcategories&post=1013"},{"taxonomy":"post_tag","embeddable":true,"href":"http:\/\/www.chapelle-crecy.com\/index.php?rest_route=%2Fwp%2Fv2%2Ftags&post=1013"}],"curies":[{"name":"wp","href":"https:\/\/api.w.org\/{rel}","templated":true}]}}