{"id":1015,"date":"2016-09-17T20:51:09","date_gmt":"2016-09-17T20:51:09","guid":{"rendered":""},"modified":"-0001-11-30T00:00:00","modified_gmt":"-0001-11-29T22:00:00","slug":"","status":"publish","type":"post","link":"http:\/\/www.chapelle-crecy.com\/?p=1015","title":{"rendered":"Annonces du 18 au 25 sept. 2016"},"content":{"rendered":"<div align=\"justify\">Voici les annonces de la semaine du dimanche 18 au dimanche 25 septembre 2016 pour la paroisse des 3 clochers Cr\u00e9cy-la-Chapelle, Villiers-sur-Morin, Voulangis. <\/p>\n<p>Samedi 24 \u00e0\u00a0 18 h 30, messe \u00e0\u00a0 Voulangis, <br \/>\nDimanche 25 \u00e0\u00a0 10 h 30, messe \u00e0\u00a0  la Coll\u00e9giale. <\/p>\n<p>Tous les d\u00e9tails dans la suite &#8230;\n<\/p><\/div>\n<div align=\"center\">\n<table bgcolor =\"F0F0F6\" border=0>\n<tbody>\n<td><font color=\"0E0C40\"><\/p>\n<div align=\"center\"><img decoding=\"async\" src=\"\/IMG\/personnes\/martyrs_de_coree.jpg\" width=200><br \/><i>St\u00e8le aux Martyrs de Cor\u00e9e<\/i><\/div>\n<p><\/font><\/td>\n<td ><font color=\"0E0C40\"><\/p>\n<div align=\"center\">\n<b>Dimanche 18 septembre<\/b><br \/>\n10 h 30 &#8211; A la Coll\u00e9giale, Messe pour  Roger DUFAUX, Jacqueline MULET et Marie-Louise POUTONNET &#8211; Bapt\u00eame et  Premi\u00e8re Communion de Marie et Louis COULON.<\/p>\n<p><b>Lundi 19 septembre<\/b><br \/>\n17 h &#8211; C\u00e9l\u00e9bration \u00e0 la Maison de Retraite <br \/> <br \/>\n20 h 30  &#8211; R\u00e9union des Permanents de l&rsquo;Accueil au Presbyt\u00e8re<\/p>\n<p><b>Mardi 20 septembre<\/b><br \/>\n<i>Sts martyrs de Cor\u00e9e<\/i><\/p>\n<p>18 h &#8211;  Messe \u00e0 Voulangis  pour Laurence MALAPERT et Olivier LANDRIEUX.\n<\/td>\n<\/tr>\n<\/tbody>\n<\/table>\n<table bgcolor =\"F0F6FA\" border=0>\n<tbody>\n<tr>\n<td><font color=\"AE0F40\"><\/p>\n<div align=\"center\"><b>Mercredi 21 septembre<\/b><br \/>\n<i>St Matthieu, ap\u00f4tre et Evang\u00e9liste<\/i><br \/>\n9 h  &#8211;  Messe \u00e0 Voulangis pour  Henri CORPECHOT et Marie GALLOIS<\/p>\n<p><b>Jeudi 22 septembre<\/b><br \/> <br \/>\n18 h &#8211; Messe \u00e0 Voulangis pour Mich\u00e8le HAESE et Jean MARTINAND.<\/div>\n<p><\/font><\/td>\n<td><font color=\"AE0F40\"><\/p>\n<div align=\"center\"><img decoding=\"async\" src=\"\/IMG\/personnes\/matthieu.jpg\" width=200><br \/><i>Saint Matthieu<\/i><\/div>\n<p><\/font><\/td>\n<\/tr>\n<\/tbody>\n<\/table>\n<table bgcolor =\"FFF6F0\" border=0>\n<tbody>\n<tr>\n<td><font color=\"00CC00\"><\/p>\n<div align=\"center\"><img decoding=\"async\" src=\"\/IMG\/lieux\/collegiale4.jpg\" width=250 >\n<\/div>\n<p><\/font><\/td>\n<td><font color=\"00CC00\"><\/p>\n<div align=\"center\">\n<b>Vendredi 23 septembre<\/b><br \/> <br \/>\n<i>St Padre Pia<\/i> <br \/> <br \/>\n9 h &#8211; Messe \u00e0 Voulangis pour Rose-Marie DECOUTTERE et Philippe CABARET.<\/p>\n<p><b>Samedi 24 septembre<\/b><br \/>\n18 h 30 &#8211; Messe \u00e0 Voulangis  pour Maryvonne MATHONNET. C&rsquo;est aussi une messe anniversaire pour Janine et Fr\u00e9d\u00e9ric DUPONT.<br \/>\nBapt\u00eame d&rsquo;Augustin et Valentine CORDESSE.<\/p>\n<p><b>Dimanche 25 septembre<\/b><br \/> <br \/>\n10 h 30 &#8211; Messe \u00e0  la Coll\u00e9giale pour Claude CHEVALLIER et sa famille, ainsi que pour Gaby BEAUMONT.<br \/>\nBapt\u00eame d&rsquo;Ethan GONCALVES.\n<\/div>\n<p><\/font><\/td>\n<\/tr>\n<\/tbody>\n<\/table>\n<\/div>\n","protected":false},"excerpt":{"rendered":"<p>Voici les annonces de la semaine du dimanche 18 au dimanche 25 septembre 2016 pour la paroisse des 3 clochers Cr\u00e9cy-la-Chapelle, Villiers-sur-Morin, Voulangis. Samedi 24 \u00e0\u00a0 18 h 30, messe \u00e0\u00a0 Voulangis, Dimanche 25&#46;&#46;&#46;<\/p>\n","protected":false},"author":2,"featured_media":0,"comment_status":"open","ping_status":"open","sticky":false,"template":"","format":"standard","meta":{"footnotes":""},"categories":[],"tags":[],"class_list":["post-1015","post","type-post","status-publish","format-standard","hentry"],"_links":{"self":[{"href":"http:\/\/www.chapelle-crecy.com\/index.php?rest_route=\/wp\/v2\/posts\/1015","targetHints":{"allow":["GET"]}}],"collection":[{"href":"http:\/\/www.chapelle-crecy.com\/index.php?rest_route=\/wp\/v2\/posts"}],"about":[{"href":"http:\/\/www.chapelle-crecy.com\/index.php?rest_route=\/wp\/v2\/types\/post"}],"author":[{"embeddable":true,"href":"http:\/\/www.chapelle-crecy.com\/index.php?rest_route=\/wp\/v2\/users\/2"}],"replies":[{"embeddable":true,"href":"http:\/\/www.chapelle-crecy.com\/index.php?rest_route=%2Fwp%2Fv2%2Fcomments&post=1015"}],"version-history":[{"count":0,"href":"http:\/\/www.chapelle-crecy.com\/index.php?rest_route=\/wp\/v2\/posts\/1015\/revisions"}],"wp:attachment":[{"href":"http:\/\/www.chapelle-crecy.com\/index.php?rest_route=%2Fwp%2Fv2%2Fmedia&parent=1015"}],"wp:term":[{"taxonomy":"category","embeddable":true,"href":"http:\/\/www.chapelle-crecy.com\/index.php?rest_route=%2Fwp%2Fv2%2Fcategories&post=1015"},{"taxonomy":"post_tag","embeddable":true,"href":"http:\/\/www.chapelle-crecy.com\/index.php?rest_route=%2Fwp%2Fv2%2Ftags&post=1015"}],"curies":[{"name":"wp","href":"https:\/\/api.w.org\/{rel}","templated":true}]}}