{"id":1016,"date":"2016-09-17T13:05:17","date_gmt":"2016-09-17T13:05:17","guid":{"rendered":""},"modified":"-0001-11-30T00:00:00","modified_gmt":"-0001-11-29T22:00:00","slug":"","status":"publish","type":"post","link":"http:\/\/www.chapelle-crecy.com\/?p=1016","title":{"rendered":"Le REQUIEM ALLEMAND de BRAHMS"},"content":{"rendered":"<p>Le Choeur Marc-Antoine Charpentier accompagn\u00e9 par l&rsquo;Orchestre Symphonique de Melun, interpr\u00e9tera<\/p>\n<p>le REQUIEM ALLEMAND de BRAHMS<\/p>\n<p>samedi 24 septembre \u00e0\u00a0 20h30 \u00e0\u00a0 la Cath\u00e9drale Saint-\u00e9tienne de MEAUX<\/p>\n<div align=\"justify\">\n<p>Ce chef-d&rsquo;oeuvre peut, \u00e0 juste titre, \u00eatre consid\u00e9r\u00e9 comme l&rsquo;oeuvre majeure du grand compositeur allemand. Il ne suit pas le texte liturgique contrairement aux compositions des autres \u00ab Requiem \u00bb. Brahms a pr\u00e9f\u00e9r\u00e9 choisir lui-m\u00eame ses textes afin de privil\u00e9gier une vision sereine de la mort, en accentuant la confiance dans la joie d&rsquo;une autre vie qui permette de retrouver les \u00eatres aim\u00e9s. La premi\u00e8re audition enthousiasma et exalta tout le monde, et cet ouvrage ne cessa, depuis ce jour, de s\u00e9duire le public, gr\u00e2ce \u00e0 son grand pouvoir \u00e9motionnel.<\/p>\n<p>Le Choeur Marc-Antoine Charpentier, dans le respect des oeuvres qu&rsquo;il a toujours privil\u00e9gi\u00e9, donnera cette oeuvre en concert dans sa forme symphonique originale : sa formation de 120 choristes et l&rsquo;Orchestre Symphonique de Melun, fort de plus de 45 musiciens, ainsi que les solistes Armelle Debos et Jean-Fernand Setti, soit environ 170 ex\u00e9cutants sous la direction de Gaspard Br\u00e9court.<\/p>\n<p>Renseignements et r\u00e9servations : T\u00e9l. :  06 06 68 58 27<br \/>\nLocation sur place \u00e0 la Cath\u00e9drale, le jour du concert, \u00e0 partir de 15h<br \/>\nTarif : 23 \u00e2\u201a\u00ac<br \/>\nTarif r\u00e9duit : 20 \u00e2\u201a\u00ac r\u00e9serv\u00e9 aux plus de 65 ans, \u00e9tudiants, scolaires, familles nombreuses, ch\u00f4meurs, RSA, handicap\u00e9s, groupes de 10 personnes accompagn\u00e9es, comit\u00e9s d&rsquo;entreprises.<br \/>\nGratuit pour les moins de 12 ans accompagn\u00e9s<\/p>\n<p>Site de l&rsquo;association :  http:\/\/amac.melun.free.fr\n<\/p><\/div>\n<div align=\"center\">\n<img decoding=\"async\" src=\"\/IMG\/affiches\/brahms_24092016.jpg\"><\/div>\n","protected":false},"excerpt":{"rendered":"<p>Le Choeur Marc-Antoine Charpentier accompagn\u00e9 par l&rsquo;Orchestre Symphonique de Melun, interpr\u00e9tera le REQUIEM ALLEMAND de BRAHMS samedi 24 septembre \u00e0\u00a0 20h30 \u00e0\u00a0 la Cath\u00e9drale Saint-\u00e9tienne de MEAUX Ce chef-d&rsquo;oeuvre peut, \u00e0 juste titre, \u00eatre&#46;&#46;&#46;<\/p>\n","protected":false},"author":2,"featured_media":0,"comment_status":"open","ping_status":"open","sticky":false,"template":"","format":"standard","meta":{"footnotes":""},"categories":[],"tags":[],"class_list":["post-1016","post","type-post","status-publish","format-standard","hentry"],"_links":{"self":[{"href":"http:\/\/www.chapelle-crecy.com\/index.php?rest_route=\/wp\/v2\/posts\/1016","targetHints":{"allow":["GET"]}}],"collection":[{"href":"http:\/\/www.chapelle-crecy.com\/index.php?rest_route=\/wp\/v2\/posts"}],"about":[{"href":"http:\/\/www.chapelle-crecy.com\/index.php?rest_route=\/wp\/v2\/types\/post"}],"author":[{"embeddable":true,"href":"http:\/\/www.chapelle-crecy.com\/index.php?rest_route=\/wp\/v2\/users\/2"}],"replies":[{"embeddable":true,"href":"http:\/\/www.chapelle-crecy.com\/index.php?rest_route=%2Fwp%2Fv2%2Fcomments&post=1016"}],"version-history":[{"count":0,"href":"http:\/\/www.chapelle-crecy.com\/index.php?rest_route=\/wp\/v2\/posts\/1016\/revisions"}],"wp:attachment":[{"href":"http:\/\/www.chapelle-crecy.com\/index.php?rest_route=%2Fwp%2Fv2%2Fmedia&parent=1016"}],"wp:term":[{"taxonomy":"category","embeddable":true,"href":"http:\/\/www.chapelle-crecy.com\/index.php?rest_route=%2Fwp%2Fv2%2Fcategories&post=1016"},{"taxonomy":"post_tag","embeddable":true,"href":"http:\/\/www.chapelle-crecy.com\/index.php?rest_route=%2Fwp%2Fv2%2Ftags&post=1016"}],"curies":[{"name":"wp","href":"https:\/\/api.w.org\/{rel}","templated":true}]}}