{"id":1017,"date":"2016-09-23T20:59:30","date_gmt":"2016-09-23T20:59:30","guid":{"rendered":""},"modified":"-0001-11-30T00:00:00","modified_gmt":"-0001-11-29T22:00:00","slug":"","status":"publish","type":"post","link":"http:\/\/www.chapelle-crecy.com\/?p=1017","title":{"rendered":"Annonces du 26 sept. au 2 oct. 2016"},"content":{"rendered":"<div align=\"justify\">Voici les annonces de la semaine du lundi 26 au dimanche 2 octobre 2016 pour la paroisse des 3 clochers Cr\u00e9cy-la-Chapelle, Villiers-sur-Morin, Voulangis. <\/p>\n<p>Samedi 1er  \u00e0\u00a0 18 h 30, messe \u00e0\u00a0 Voulangis, <br \/>\nDimanche 2 \u00e0\u00a0 10 h 30, messe \u00e0\u00a0 Villiers. <\/p>\n<p>Tous les d\u00e9tails dans la suite &#8230;\n<\/p><\/div>\n<div align=\"center\">\n<table bgcolor =\"F0F0F6\" border=0>\n<tbody>\n<td><font color=\"0E0C40\"><\/p>\n<div align=\"center\"><img decoding=\"async\" src=\"\/IMG\/personnes\/vincent_de_paul.jpg\" width=200><br \/><i>St Vincent de Paul<\/i><\/div>\n<p><\/font><\/td>\n<td ><font color=\"0E0C40\"><\/p>\n<div align=\"center\">\n<b>Lundi 26 septembre<\/b><br \/>\n<i> Sts Come et Damien<br \/><\/i><br \/>\n17 h &#8211; C\u00e9l\u00e9bration \u00e0 la Maison de Retraite <\/p>\n<p><b>Mardi 27 septembre<\/b><br \/>\n<i>St Vincent de Paul<\/i><\/p>\n<p>18 h &#8211;  Messe \u00e0 Voulangis  pour Patrick MENSAH et John STEPHENS.\n<\/td>\n<\/tr>\n<\/tbody>\n<\/table>\n<table bgcolor =\"F0F6FA\" border=0>\n<tbody>\n<tr>\n<td><font color=\"AE0F40\"><\/p>\n<div align=\"center\"><b>Mercredi 28 septembre<\/b><br \/>\n<i>Sts martyrs du Japon<\/i><br \/>\n9 h  &#8211;  Messe \u00e0 Voulangis pour Claude DELAGE et Andr\u00e9 RAOULT.<\/p>\n<p><b>Jeudi 29 septembre<\/b><br \/> <br \/>\n<i>Sts Michel, Gabriel et Rapha\u00ebl archanges<\/i><br \/>\n18 h &#8211; Messe \u00e0 Voulangis pour Jean ROSIER  et Jeannine HUVELIN.<\/div>\n<p><\/font><\/td>\n<td><font color=\"AE0F40\"><\/p>\n<div align=\"center\"><img decoding=\"async\" src=\"\/IMG\/personnes\/michel.jpg\" width=200><br \/><i>Saint Michel<\/i><\/div>\n<p><\/font><\/td>\n<\/tr>\n<\/tbody>\n<\/table>\n<table bgcolor =\"FFF6F0\" border=0>\n<tbody>\n<tr>\n<td><font color=\"00CC00\"><\/p>\n<div align=\"center\"><img decoding=\"async\" src=\"\/IMG\/lieux\/voulangis_eglise4.jpg\" width=250 >\n<\/div>\n<p><\/font><\/td>\n<td><font color=\"00CC00\"><\/p>\n<div align=\"center\">\n<b>Vendredi 30 septembre<\/b><br \/> <br \/>\n<i>St J\u00e9rome<\/i> <br \/> <br \/>\n9 h &#8211; Messe \u00e0 Voulangis pour Jacqueline KUNTZ et  Pierre MAGNIEZ.<\/p>\n<p><b>Samedi 1er octobre<\/b><br \/>\n<i>Ste Th\u00e9r\u00e8se de l&rsquo;Enfant J\u00e9sus<\/i><br \/>\n14 h 30 &#8211; A Voulangis, mariage de Christophe BERCHERE et  Christelle CADET.<br \/>\n18 h 30 &#8211; Messe \u00e0 Voulangis  pour Georges PICARD et Lucien GORRET.<\/p>\n<p><b>Dimanche 25 septembre<\/b><br \/> <br \/>\n10 h 30 &#8211; Messe \u00e0 Villiers pour  Georges PAQUET et Fran\u00e7ois de LAUBRIERE.\n<\/div>\n<p><\/font><\/td>\n<\/tr>\n<\/tbody>\n<\/table>\n<\/div>\n","protected":false},"excerpt":{"rendered":"<p>Voici les annonces de la semaine du lundi 26 au dimanche 2 octobre 2016 pour la paroisse des 3 clochers Cr\u00e9cy-la-Chapelle, Villiers-sur-Morin, Voulangis. Samedi 1er \u00e0\u00a0 18 h 30, messe \u00e0\u00a0 Voulangis, Dimanche 2&#46;&#46;&#46;<\/p>\n","protected":false},"author":2,"featured_media":0,"comment_status":"open","ping_status":"open","sticky":false,"template":"","format":"standard","meta":{"footnotes":""},"categories":[],"tags":[],"class_list":["post-1017","post","type-post","status-publish","format-standard","hentry"],"_links":{"self":[{"href":"http:\/\/www.chapelle-crecy.com\/index.php?rest_route=\/wp\/v2\/posts\/1017","targetHints":{"allow":["GET"]}}],"collection":[{"href":"http:\/\/www.chapelle-crecy.com\/index.php?rest_route=\/wp\/v2\/posts"}],"about":[{"href":"http:\/\/www.chapelle-crecy.com\/index.php?rest_route=\/wp\/v2\/types\/post"}],"author":[{"embeddable":true,"href":"http:\/\/www.chapelle-crecy.com\/index.php?rest_route=\/wp\/v2\/users\/2"}],"replies":[{"embeddable":true,"href":"http:\/\/www.chapelle-crecy.com\/index.php?rest_route=%2Fwp%2Fv2%2Fcomments&post=1017"}],"version-history":[{"count":0,"href":"http:\/\/www.chapelle-crecy.com\/index.php?rest_route=\/wp\/v2\/posts\/1017\/revisions"}],"wp:attachment":[{"href":"http:\/\/www.chapelle-crecy.com\/index.php?rest_route=%2Fwp%2Fv2%2Fmedia&parent=1017"}],"wp:term":[{"taxonomy":"category","embeddable":true,"href":"http:\/\/www.chapelle-crecy.com\/index.php?rest_route=%2Fwp%2Fv2%2Fcategories&post=1017"},{"taxonomy":"post_tag","embeddable":true,"href":"http:\/\/www.chapelle-crecy.com\/index.php?rest_route=%2Fwp%2Fv2%2Ftags&post=1017"}],"curies":[{"name":"wp","href":"https:\/\/api.w.org\/{rel}","templated":true}]}}