{"id":1018,"date":"2016-09-30T19:52:38","date_gmt":"2016-09-30T19:52:38","guid":{"rendered":""},"modified":"-0001-11-30T00:00:00","modified_gmt":"-0001-11-29T22:00:00","slug":"","status":"publish","type":"post","link":"http:\/\/www.chapelle-crecy.com\/?p=1018","title":{"rendered":"Annonces du 3 au 9 oct. 2016"},"content":{"rendered":"<div align=\"justify\">Voici les annonces de la semaine du lundi 3 au dimanche 9 octobre 2016 pour la paroisse des 3 clochers Cr\u00e9cy-la-Chapelle, Villiers-sur-Morin, Voulangis. <\/p>\n<p>Samedi 8  \u00e0\u00a0 18 h 30, messe \u00e0\u00a0 Voulangis, <br \/>\nDimanche 9 \u00e0\u00a0 10 h 30, messe \u00e0\u00a0 Villiers. <\/p>\n<p>Tous les d\u00e9tails dans la suite &#8230;\n<\/p><\/div>\n<div align=\"center\">\n<table bgcolor =\"F0F0F6\" border=0>\n<tbody>\n<td><font color=\"0E0C40\"><\/p>\n<div align=\"center\"><img decoding=\"async\" src=\"\/IMG\/personnes\/francois_assise.jpg\" width=200><br \/><i>Saint Fran\u00e7ois d&rsquo;Assise<\/i><\/div>\n<p><\/font><\/td>\n<td ><font color=\"0E0C40\"><\/p>\n<div align=\"center\">\n<b>Lundi 3 octobre<\/b><br \/>\n14 h 30 &#8211;  R\u00e9union de l&rsquo;Equipe du Rosaire chez madame LOUIS.<br \/>\n17 h &#8211; Messe \u00e0 la Maison de Retraite <\/p>\n<p><b>Mardi 4 octobre<\/b><br \/>\n<i>Saint Fran\u00e7ois d&rsquo;Assise<\/i><br \/>\nPas de Messe en paroisse.<\/p>\n<p><b>Mercredi 5 octobre<\/b><br \/>\n9 h &#8211; Messe \u00e0 Voulangis pour Th\u00e9r\u00e8se SCHMIDT et Pierre LOUIS.\n<\/td>\n<\/tr>\n<\/tbody>\n<\/table>\n<table bgcolor =\"F0F6FA\" border=0>\n<tbody>\n<tr>\n<td><font color=\"AE0F40\"><\/p>\n<div align=\"center\">\n<b>Jeudi 6 octobre<\/b><br \/> <br \/>\n<i>Saint Bruno<\/i><br \/>\n18 h &#8211; Messe \u00e0 Voulangis pour Pascal DUBUS et Maria AZEVEDO.<\/p>\n<p><b>Vendredi 7 octobre<\/b><br \/> <br \/>\n9 h &#8211; Messe \u00e0 Voulangis pour Val\u00e9rie SCHULER et Mariane BENVENUTI.<\/p>\n<\/div>\n<p><\/font><\/td>\n<td><font color=\"AE0F40\"><\/p>\n<div align=\"center\"><img decoding=\"async\" src=\"\/IMG\/personnes\/bruno.jpg\" width=200><br \/><i>Saint Bruno<\/i><\/div>\n<p><\/font><\/td>\n<\/tr>\n<\/tbody>\n<\/table>\n<table bgcolor =\"FFF6F0\" border=0>\n<tbody>\n<tr>\n<td><font color=\"00CC00\"><\/p>\n<div align=\"center\"><img decoding=\"async\" src=\"\/IMG\/lieux\/voulangis_eglise4.jpg\" width=250 >\n<\/div>\n<p><\/font><\/td>\n<td><font color=\"00CC00\"><\/p>\n<div align=\"center\">\n<b>Samedi 8 octobre<\/b><br \/>\n18 h 30 &#8211; Messe \u00e0 Voulangis pour Jean-Fran\u00e7ois LE VERT  et H\u00e9l\u00e8ne MLINSKA.<\/p>\n<p><b>Dimanche 9 octobre<\/b><br \/> <br \/>\n10 h 30 &#8211; Messe \u00e0 Villiers pour Patrick FARAOULT et  Julien MASSON.<br \/>\nBapt\u00eame de L\u00e9onie MARTINS et Rafael SANGAN MATEOS.\n<\/div>\n<p><\/font><\/td>\n<\/tr>\n<\/tbody>\n<\/table>\n<\/div>\n","protected":false},"excerpt":{"rendered":"<p>Voici les annonces de la semaine du lundi 3 au dimanche 9 octobre 2016 pour la paroisse des 3 clochers Cr\u00e9cy-la-Chapelle, Villiers-sur-Morin, Voulangis. Samedi 8 \u00e0\u00a0 18 h 30, messe \u00e0\u00a0 Voulangis, Dimanche 9&#46;&#46;&#46;<\/p>\n","protected":false},"author":2,"featured_media":0,"comment_status":"open","ping_status":"open","sticky":false,"template":"","format":"standard","meta":{"footnotes":""},"categories":[],"tags":[],"class_list":["post-1018","post","type-post","status-publish","format-standard","hentry"],"_links":{"self":[{"href":"http:\/\/www.chapelle-crecy.com\/index.php?rest_route=\/wp\/v2\/posts\/1018","targetHints":{"allow":["GET"]}}],"collection":[{"href":"http:\/\/www.chapelle-crecy.com\/index.php?rest_route=\/wp\/v2\/posts"}],"about":[{"href":"http:\/\/www.chapelle-crecy.com\/index.php?rest_route=\/wp\/v2\/types\/post"}],"author":[{"embeddable":true,"href":"http:\/\/www.chapelle-crecy.com\/index.php?rest_route=\/wp\/v2\/users\/2"}],"replies":[{"embeddable":true,"href":"http:\/\/www.chapelle-crecy.com\/index.php?rest_route=%2Fwp%2Fv2%2Fcomments&post=1018"}],"version-history":[{"count":0,"href":"http:\/\/www.chapelle-crecy.com\/index.php?rest_route=\/wp\/v2\/posts\/1018\/revisions"}],"wp:attachment":[{"href":"http:\/\/www.chapelle-crecy.com\/index.php?rest_route=%2Fwp%2Fv2%2Fmedia&parent=1018"}],"wp:term":[{"taxonomy":"category","embeddable":true,"href":"http:\/\/www.chapelle-crecy.com\/index.php?rest_route=%2Fwp%2Fv2%2Fcategories&post=1018"},{"taxonomy":"post_tag","embeddable":true,"href":"http:\/\/www.chapelle-crecy.com\/index.php?rest_route=%2Fwp%2Fv2%2Ftags&post=1018"}],"curies":[{"name":"wp","href":"https:\/\/api.w.org\/{rel}","templated":true}]}}