{"id":1019,"date":"2016-10-07T21:09:57","date_gmt":"2016-10-07T21:09:57","guid":{"rendered":""},"modified":"-0001-11-30T00:00:00","modified_gmt":"-0001-11-29T22:00:00","slug":"","status":"publish","type":"post","link":"http:\/\/www.chapelle-crecy.com\/?p=1019","title":{"rendered":"Annonces du 10 au 16 oct. 2016"},"content":{"rendered":"<div align=\"justify\">Voici les annonces de la semaine du lundi 10 au dimanche 16 octobre 2016 pour la paroisse des 3 clochers Cr\u00e9cy-la-Chapelle, Villiers-sur-Morin, Voulangis. <\/p>\n<p>Samedi 15 \u00e0\u00a0 18 h 30, messe \u00e0\u00a0 Voulangis, <br \/>\nDimanche 16 \u00e0\u00a0 10 h 30, messe \u00e0\u00a0 Villiers. <\/p>\n<p>Tous les d\u00e9tails dans la suite &#8230;\n<\/p><\/div>\n<div align=\"center\">\n<table bgcolor =\"F0F0F6\" border=0>\n<tbody>\n<td><font color=\"0E0C40\"><\/p>\n<div align=\"center\"><img decoding=\"async\" src=\"\/IMG\/personnes\/jean_XXIII.jpg\" width=200><br \/><i>Saint-Jean XXIII<\/i><\/div>\n<p><\/font><\/td>\n<td ><font color=\"0E0C40\"><\/p>\n<div align=\"center\">\n<b>Lundi 10 octobre<\/b><br \/>\n<i>Sainte Techlide<\/i><br \/>\n17 h &#8211; Messe \u00e0 la Maison de Retraite.<br \/>\n20 h 30 &#8211;  R\u00e9union de l&rsquo;Equipe d&rsquo;Animation Pastorale.<\/p>\n<p><b>Mardi 11 octobre<\/b><br \/>\n<i>Saint Jean XXIII<\/i><br \/>\n18 h &#8211; Messe \u00e0 Voulangis pour Lucien GORRET et Michel  DEDIEU.<\/p>\n<p><b>Mercredi 12 octobre<\/b><br \/>\n9 h &#8211; Messe \u00e0 Voulangis pour Jean et Raymonde LEROUX et pour Raymond NOEL.\n<\/td>\n<\/tr>\n<\/tbody>\n<\/table>\n<table bgcolor =\"F0F6FA\" border=0>\n<tbody>\n<tr>\n<td><font color=\"AE0F40\"><\/p>\n<div align=\"center\">\n<b>Jeudi 13 octobre<\/b><br \/> <br \/>\n18 h &#8211; Messe \u00e0 Voulangis pour Damiano CAVALIERE et Andr\u00e9 CHAMPIN.<\/p>\n<p><b>Vendredi 14 octobre<\/b><br \/> <br \/>\n<i>Saint Calixte<\/i><br \/>\n9 h &#8211; Messe \u00e0 Voulangis pour Yves et Nicole PIERRET ainsi que pour Serge PHILIPPE.<\/p>\n<\/div>\n<p><\/font><\/td>\n<td><font color=\"AE0F40\"><\/p>\n<div align=\"center\"><img decoding=\"async\" src=\"\/IMG\/personnes\/calixte.jpg\" width=200><br \/><i>Saint Calixte<\/i><\/div>\n<p><\/font><\/td>\n<\/tr>\n<\/tbody>\n<\/table>\n<table bgcolor =\"FFF6F0\" border=0>\n<tbody>\n<tr>\n<td><font color=\"00CC00\"><\/p>\n<div align=\"center\"><img decoding=\"async\" src=\"\/IMG\/lieux\/voulangis_eglise5.jpg\" width=250 >\n<\/div>\n<p><\/font><\/td>\n<td><font color=\"00CC00\"><\/p>\n<div align=\"center\">\n<b>Samedi 15 octobre<\/b><br \/>\n<i>Sainte Th\u00e9r\u00e8se d&rsquo;Avila<\/i><br \/>\n18 h 30 &#8211; Messe \u00e0 Voulangis pour Sabine BATARD et Enzo CARLI.<\/p>\n<p><b>Dimanche 16 octobre<\/b><br \/> <br \/>\n10 h 30 &#8211; A Villiers  Messe participative  avec les enfants.<br \/>\nElle sera c\u00e9l\u00e9br\u00e9e pour Suzette TENAGUILLO et Marie-Louise CAIN.<br \/>\nCe dimanche 16 : QUETE SPECIALE POUR LA COOPERATION MISSIONNAIRE<\/p>\n<\/div>\n<p><\/font><\/td>\n<\/tr>\n<\/tbody>\n<\/table>\n<\/div>\n","protected":false},"excerpt":{"rendered":"<p>Voici les annonces de la semaine du lundi 10 au dimanche 16 octobre 2016 pour la paroisse des 3 clochers Cr\u00e9cy-la-Chapelle, Villiers-sur-Morin, Voulangis. Samedi 15 \u00e0\u00a0 18 h 30, messe \u00e0\u00a0 Voulangis, Dimanche 16&#46;&#46;&#46;<\/p>\n","protected":false},"author":2,"featured_media":0,"comment_status":"open","ping_status":"open","sticky":false,"template":"","format":"standard","meta":{"footnotes":""},"categories":[],"tags":[],"class_list":["post-1019","post","type-post","status-publish","format-standard","hentry"],"_links":{"self":[{"href":"http:\/\/www.chapelle-crecy.com\/index.php?rest_route=\/wp\/v2\/posts\/1019","targetHints":{"allow":["GET"]}}],"collection":[{"href":"http:\/\/www.chapelle-crecy.com\/index.php?rest_route=\/wp\/v2\/posts"}],"about":[{"href":"http:\/\/www.chapelle-crecy.com\/index.php?rest_route=\/wp\/v2\/types\/post"}],"author":[{"embeddable":true,"href":"http:\/\/www.chapelle-crecy.com\/index.php?rest_route=\/wp\/v2\/users\/2"}],"replies":[{"embeddable":true,"href":"http:\/\/www.chapelle-crecy.com\/index.php?rest_route=%2Fwp%2Fv2%2Fcomments&post=1019"}],"version-history":[{"count":0,"href":"http:\/\/www.chapelle-crecy.com\/index.php?rest_route=\/wp\/v2\/posts\/1019\/revisions"}],"wp:attachment":[{"href":"http:\/\/www.chapelle-crecy.com\/index.php?rest_route=%2Fwp%2Fv2%2Fmedia&parent=1019"}],"wp:term":[{"taxonomy":"category","embeddable":true,"href":"http:\/\/www.chapelle-crecy.com\/index.php?rest_route=%2Fwp%2Fv2%2Fcategories&post=1019"},{"taxonomy":"post_tag","embeddable":true,"href":"http:\/\/www.chapelle-crecy.com\/index.php?rest_route=%2Fwp%2Fv2%2Ftags&post=1019"}],"curies":[{"name":"wp","href":"https:\/\/api.w.org\/{rel}","templated":true}]}}