{"id":102,"date":"2009-04-09T03:41:25","date_gmt":"2009-04-09T03:41:25","guid":{"rendered":""},"modified":"-0001-11-30T00:00:00","modified_gmt":"-0001-11-29T22:00:00","slug":"","status":"publish","type":"post","link":"http:\/\/www.chapelle-crecy.com\/?p=102","title":{"rendered":"Rencontre avec Michel ESTEVE"},"content":{"rendered":"<table bgcolor =\"F0FAFF\" border=0>\n<tbody>\n<tr>\n<td>\n<div align=\"justify\">Michel ESTEVE vient de succ\u00e9der au Dr J.-B. PIEQUET en prenant la pr\u00e9sidence de l&rsquo;Association de gestion de la salle d&rsquo;exposition \u00ab\u00a0Le Valentin\u00a0\u00bb \u00e0\u00a0 Coulommiers.<br \/> Son ami, Jean BRETON, artiste peintre \u00e9galement, assure avec brio, la fonction de directeur artistique.<br \/>\nC&rsquo;est ainsi qu&rsquo;en novembre 2008 j&rsquo;ai rencontr\u00e9 Michel ESTEVE en compagnie de son Ma\u00eetre en sculpture, M. Pierre BRUN.<\/div>\n<\/td>\n<\/tbody>\n<\/table>\n<table bgcolor =\"F0FAFF\" border=0>\n<tbody>\n<tr>\n<td>\n<table bgcolor =\"F0FAFF\" border=0>\n<tbody>\n<tr>\n<td>\n<div align=\"justify\">\n<table bgcolor =\"F0FAFF\" border=0>\n<tbody>\n<tr>\n<td width= \"55%\">\n<div align=\"justify\">Columm\u00e9rien de naissance (1), Michel ESTEVE passa son adolescence \u00e0 TOUQUIN (2). <br \/>\nA l&rsquo;\u00e2ge de quatre ans il d\u00e9bute la gouache. D\u00e8s 1950 c&rsquo;est l&rsquo;\u00e9cole avec un instituteur de grande valeur, M. Rastoile.<br \/>\nSon attirance pour le domaine artistique se r\u00e9v\u00e8le puis se pr\u00e9cise.<br \/>\nIl passera trois ann\u00e9es d&rsquo;une formation en Arts plastiques sous la direction de Roland Herluison \u00e0 Rozay-en-Brie puis une autre \u00e0 Fontainebleau de 1981 \u00e0 1988.<\/td>\n<td width=\"45%\">\n<div align=\"center\"><img decoding=\"async\" src=\"\/IMG\/culturel\/esteve6.jpg\" width=\"240\" border=0><\/div>\n<\/td>\n<\/tr>\n<\/tbody>\n<\/table>\n<h4>Son parcours <\/h4>\n<p>\nSon parcours professionnel, d&rsquo;une rare qualit\u00e9, s&rsquo;exercera pendant pr\u00e8s de quarante trois ans \u00e0 Coulommiers et Mouroux dans les domaines de la conception et de la r\u00e9alisation d&rsquo;agencements de mobiliers commerciaux. En janvier 2006 il prendra une retraite bien m\u00e9rit\u00e9e.<br \/>\nSa chance, celle qui sourit \u00e0 ceux qui la m\u00e9ritent, fut de rencontrer, en 1988-1989, le ma \u00eetre sculptleur Pierre BRUN, qui allait devenir l&rsquo;une des plus grandes personnalit\u00e9s artistiques de Seine-et-Marne.Il suivit ses cours pendant pr\u00e8s d&rsquo;une vingtaine d&rsquo;ann\u00e9es, en y c\u00f4toyant Iska, Jo\u00eblle Thouvenot, Tino Cerdan et bien d&rsquo;autres encore.<\/p>\n<div align=\"center\"><img decoding=\"async\" src=\"\/IMG\/culturel\/esteve2.jpg\" width=\"250\" border=0><br \/><b>CHOUETTE HULOTTE. DETAIL. Poirier de Car\u00e9sie.<\/b><\/div>\n<p><\/p>\n<h4>Ses prix et distinctions<\/h4>\n<p>Invit\u00e9 d&rsquo;honneur \u00e0 Bellot (3). <br \/>\nPremier prix de sculpture \u00e0 Mouroux. <br \/>\nDeux fois prim\u00e9 \u00e0 Jaulgonne (02850). <br \/>\nPrim\u00e9 en 2008 par le Conseil g\u00e9n\u00e9ral de la Marne au \u00ab\u00a0Moulin d&rsquo;en haut\u00a0\u00bb \u00e0 Dormans. <br \/>\nDeuxi\u00e8me prix de sculpture \u00e0 Bourbonne-les-Bains.<br \/>\nPrix de sculpture de Gretz-Armainvilliers en 2008.<\/p>\n<div align=\"center\"><img decoding=\"async\" src=\"\/IMG\/culturel\/esteve3.jpg\" width=\"250\" border=0><br \/><b>LA FEMME A LA CHEVELURE. II. Pierre calcaire du Soisonnais.<\/b><\/div>\n<p>\n<b>Son message : <\/b>\u00ab\u00a0j&rsquo;ai grandi dans un milieu artisanal et paysan \u00e0 la foi rude et f\u00e9cond. J&rsquo;ai toujours recherch\u00e9 des supports car j&rsquo;avais une grande soif d&rsquo;apprendre. Je crois bien que c&rsquo;est ainsi que la chance m&rsquo;a conduit vers un ma \u00eetre tel que Pierre BRUN. <br \/>\nPar ailleurs, j&rsquo;aimerais toujours Rodin pour la sculpture et Andr\u00e9 Minaux (1923-1986) pour la peinture figurative. Je pense qu&rsquo;un approfondissement plus cons\u00e9quent devrait \u00eatre donn\u00e9 dans l&rsquo;enseignement de l&rsquo;histoire de l&rsquo;art. Ayez une parfaite connaissance de votre \u00ab\u00a0outil\u00a0\u00bb de travail et suivez les cours d&rsquo;Arts Plastiques avec assiduit\u00e9 et beaucoup de modestie.\u00a0\u00bb<\/p>\n<div align=\"center\"><img decoding=\"async\" src=\"\/IMG\/culturel\/esteve1.jpg\" width=\"250\" border=0><br \/><b>TETE DE CHEVAL. Marbre rose vein\u00e9.<\/b><\/div>\n<p>\nVous retrouverez Michel ESTEVE au Salon de printemps \u00e0 la Sucrerie(Coulommiers), au Salon d&rsquo;avril de Chailly-en-Brie, \u00e0 Villeneuve-sur-Bellot et \u00e0 Bellot m\u00eame. <br \/>\nA la Pentec\u00f4te, au concours annuel de peinture de Jaulgonne. <br \/>\nIl sera le sculpteur de pierre lors des \u00ab\u00a0F\u00eates Gallo-Romaines\u00a0\u00bb de Chateaubleau, v\u00e9ritable centre romain sous un village briard (4).<\/p>\n<p><i>Propos recueillis et photos Jacques Poiret.<\/i><\/p>\n<div align=\"center\"><img decoding=\"async\" src=\"\/IMG\/culturel\/esteve5.jpg\" width=\"450\" border=0><br \/><b>MARINE. Sans titre. Le b\u00e2teau bleu.<\/b><\/div>\n<p>\n<i>Notes:<br \/>\n1. Michel ESTEVE est n\u00e9 le 20 janvier 1946, \u00e0 Coulommiers. Sa maman suivit les conseils du c\u00e9l\u00e8bre docteur Ren\u00e9 Arbeltier.<br \/>\n2. Mme Iska, sculpteur, du groupe ARTNOTIL, demeure \u00e0 Touquin.<br \/>\n3. C&rsquo;est \u00e0 Bellot que M. Veron \u00e9labore ses merveilleuses confiseries dont le roi des pains d&rsquo;\u00e9pices.<br \/>\n4. Voir \u00ab\u00a0La Brie des Gallo-Romains\u00a0\u00bb de Pierre Geslin (Arch\u00e9ologie en libert\u00e9). Lys Editions Amatteis 26 \u00e2\u201a\u00ac ISBN 2 86849 214 2.<br \/>\nLes \u00ab\u00a0F\u00eates\u00a0\u00bb se d\u00e9roulent annuellement dans la 4eme semaine de mai dans le cadre de l&rsquo;Association \u00ab\u00a0La Riob\u00e9, 2 rue de l&rsquo;\u00e9glise-77370 Chateaubleau. <br \/>\nTel et  Fax: 08 77 30 26 60. Email: association.la-riobe@wanadoo.fr <br \/><\/i><\/p>\n<div align=\"center\"><img decoding=\"async\" src=\"\/IMG\/culturel\/esteve4.jpg\" width=\"250\" border=0><br \/><b>MARINE. Sans titre. Au soleil  couchant.<\/b><\/div>\n<h4>Contact<\/h4>\n<p>Michel ESTEVE<br \/>\n89 Bis rue L\u00e9on Lahitte<br \/>\n77120 COULOMMIERS<br \/>\n01 64 20 64 68<br \/>\nmichelesteve@laposte.net<\/div>\n<\/td>\n<\/tr>\n<\/tbody>\n<\/table>\n<\/td>\n<\/tbody>\n<\/table>\n<p><\/p>\n<table bgcolor =\"FFFAF0\" border=0>\n<tbody>\n<tr>\n<td>\n<h4>La salle \u00ab\u00a0Le Valentin\u00a0\u00bb d\u00e9di\u00e9e aux expositions artistiques <\/h4>\n<div align=\"justify\">Situ\u00e9e \u00e0 l&rsquo;entr\u00e9e du parc des Capucins \u00e0 Coulommiers vous ne pouvez la manquer. <br \/>\nIl vous suffira de grimper quelques marches  pour y acc\u00e9der par un joli perron  au sol d\u00e9cor\u00e9 de  mosa\u00efques. Tout est simple et tr\u00e8s familier. L&rsquo;\u00e9clairage est excellent et le volume de cette grande pi\u00e8ce autorise non seulement la pr\u00e9sentation de sculptures mais aussi d&rsquo;oeuvres picturales. L&rsquo;on y rencontre de grands artistes tels que Naip, Lee, Iska, F. de Felice,  Matsuda, Terzakian,  et bien d&rsquo;autres  tout aussi talentueux.<\/p>\n<p>Parc des Capucins \u00e0 Coulommiers. <br \/>Tel : 01 64 65 03 50<\/p>\n<h4>1er semestre  2009 &#8211; Expositions \u00e0 venir<\/h4>\n<p>Chaque jour de 14h30 \u00e0 18h00, sauf le mardi &#8211;<br \/>\nENTREE LIBRE &#8211; PARKING ASSURE<\/div>\n<table bgcolor =\"FFFAF0\" border=1>\n<tbody>\n<tr>\n<td>du 4 au 19 AVRIL<\/td>\n<td>Ad\u00e8le PASTERNACK &#8211; Peintre <\/td>\n<td> 10, av. de la Mairie<br \/>77169 Chauffry<br \/>\ntel : 01 64 04 47 68 et 06 80 57 17 29<\/td>\n<\/tr>\n<tr>\n<td>du 2 au 17 MAI<\/td>\n<td>\nGuy AMOUYAL &#8211; Peintre<\/td>\n<td>6, rue Lieusaint<br \/>77246 Cesson<br \/>\nTel : 01 64 41 86 66<\/td>\n<\/tr>\n<tr>\n<td>du 6 au 14 JUIN<\/td>\n<td>Jean-Michel FAUVET &#8211; Peintre<\/td>\n<td>25, rue du Limon<br \/>77260 La Fert\u00e9-sous-Jouarre<br \/>\nTel : 01 60 22 11 29 et 06 03 13 19 72\n<\/td>\n<\/tr>\n<\/tbody>\n<\/table>\n<\/td>\n<\/tr>\n<\/tbody>\n<\/table>\n","protected":false},"excerpt":{"rendered":"<p>Michel ESTEVE vient de succ\u00e9der au Dr J.-B. PIEQUET en prenant la pr\u00e9sidence de l&rsquo;Association de gestion de la salle d&rsquo;exposition \u00ab\u00a0Le Valentin\u00a0\u00bb \u00e0\u00a0 Coulommiers. Son ami, Jean BRETON, artiste peintre \u00e9galement, assure avec&#46;&#46;&#46;<\/p>\n","protected":false},"author":2,"featured_media":0,"comment_status":"open","ping_status":"open","sticky":false,"template":"","format":"standard","meta":{"footnotes":""},"categories":[],"tags":[],"class_list":["post-102","post","type-post","status-publish","format-standard","hentry"],"_links":{"self":[{"href":"http:\/\/www.chapelle-crecy.com\/index.php?rest_route=\/wp\/v2\/posts\/102","targetHints":{"allow":["GET"]}}],"collection":[{"href":"http:\/\/www.chapelle-crecy.com\/index.php?rest_route=\/wp\/v2\/posts"}],"about":[{"href":"http:\/\/www.chapelle-crecy.com\/index.php?rest_route=\/wp\/v2\/types\/post"}],"author":[{"embeddable":true,"href":"http:\/\/www.chapelle-crecy.com\/index.php?rest_route=\/wp\/v2\/users\/2"}],"replies":[{"embeddable":true,"href":"http:\/\/www.chapelle-crecy.com\/index.php?rest_route=%2Fwp%2Fv2%2Fcomments&post=102"}],"version-history":[{"count":0,"href":"http:\/\/www.chapelle-crecy.com\/index.php?rest_route=\/wp\/v2\/posts\/102\/revisions"}],"wp:attachment":[{"href":"http:\/\/www.chapelle-crecy.com\/index.php?rest_route=%2Fwp%2Fv2%2Fmedia&parent=102"}],"wp:term":[{"taxonomy":"category","embeddable":true,"href":"http:\/\/www.chapelle-crecy.com\/index.php?rest_route=%2Fwp%2Fv2%2Fcategories&post=102"},{"taxonomy":"post_tag","embeddable":true,"href":"http:\/\/www.chapelle-crecy.com\/index.php?rest_route=%2Fwp%2Fv2%2Ftags&post=102"}],"curies":[{"name":"wp","href":"https:\/\/api.w.org\/{rel}","templated":true}]}}