{"id":1021,"date":"2016-10-24T20:52:10","date_gmt":"2016-10-24T20:52:10","guid":{"rendered":""},"modified":"-0001-11-30T00:00:00","modified_gmt":"-0001-11-29T22:00:00","slug":"","status":"publish","type":"post","link":"http:\/\/www.chapelle-crecy.com\/?p=1021","title":{"rendered":"Annonces du 24 au 30 oct. 2016"},"content":{"rendered":"<div align=\"justify\">Voici les annonces de la semaine du lundi 24 au dimanche 30 octobre 2016 pour la paroisse des 3 clochers Cr\u00e9cy-la-Chapelle, Villiers-sur-Morin, Voulangis. <\/p>\n<p>Samedi 29 \u00e0\u00a0 18 h 30, messe \u00e0\u00a0 Voulangis, <br \/>\nDimanche 30 \u00e0\u00a0 10 h 30, messe \u00e0\u00a0 Villiers. <\/p>\n<p>Tous les d\u00e9tails dans la suite &#8230;\n<\/p><\/div>\n<div align=\"center\">\n<table bgcolor =\"F0F0F6\" border=0>\n<tbody>\n<td><font color=\"0E0C40\"><\/p>\n<div align=\"center\"><img decoding=\"async\" src=\"\/IMG\/personnes\/alor.jpg\" width=200><br \/><i>Saint-Alor<\/i><\/div>\n<p><\/font><\/td>\n<td ><font color=\"0E0C40\"><\/p>\n<div align=\"center\">\n<b>Lundi 24 octobre<\/b><br \/>\n17 h &#8211; Messe \u00e0 la Maison de Retraite.<\/p>\n<p><b>Mardi 25 octobre<\/b><br \/>\n18 h &#8211; Messe \u00e0 Voulangis pour Gilbert BERLINGUEZ, Jean-Claude SIMON et Marie GALLOIS.<\/p>\n<p><b>Mercredi 26 octobre<\/b><br \/>\n<i>Saint Alor, \u00e9v\u00eaque de Quimper<\/i><br \/>\n9 h &#8211; Messe \u00e0 Voulangis pour Nelly DELORAINE et Bernard GOURBAUD.\n<\/td>\n<\/tr>\n<\/tbody>\n<\/table>\n<table bgcolor =\"F0F6FA\" border=0>\n<tbody>\n<tr>\n<td><font color=\"AE0F40\"><\/p>\n<div align=\"center\">\n<b>Jeudi 27 octobre<\/b><br \/> <br \/>\nPas de messe.<\/p>\n<p><b>Vendredi 28 octobre<\/b><br \/> <br \/>\n<i>Sts Simon et Jude, ap\u00f4tres<\/i><br \/>\n9 h &#8211; Messe \u00e0 Voulangis pour Marie-Louise POUTONNET et  Andr\u00e9 SALTEL.<\/p>\n<p>15 h &#8211; Obs\u00e8ques \u00e0 Villiers de Liliane LE GUERIN n\u00e9e Go\u00ebtz.\n<\/p><\/div>\n<p><\/font><\/td>\n<td><font color=\"AE0F40\"><\/p>\n<div align=\"center\"><img decoding=\"async\" src=\"\/IMG\/personnes\/simonlezelote.jpg\" width=200><br \/><i>Saint Simon le Z\u00e9lote<\/i><\/div>\n<p><\/font><\/td>\n<\/tr>\n<\/tbody>\n<\/table>\n<table bgcolor =\"FFF6F0\" border=0>\n<tbody>\n<tr>\n<td><font color=\"00CC00\"><\/p>\n<div align=\"center\"><img decoding=\"async\" src=\"\/IMG\/personnes\/faron.jpg\" width=200 ><br \/>\n<br \/>Saint Faron<\/div>\n<p><\/font><\/td>\n<td><font color=\"00CC00\"><\/p>\n<div align=\"center\">\n<b>Samedi 29 octobre<\/b><br \/>\n<i>Saint Faron<\/i><br \/>\n18 h 30 &#8211; Messe \u00e0 Voulangis pour Jean ROSIER et Maryvonne MATHONNET.<\/p>\n<p><b>Dimanche 30 octobre<\/b><br \/> <br \/>\n10 h 30 &#8211; Messe \u00e0 Villiers pour Marc CALONNE et Pierre MAGNIEZ.\n<\/div>\n<p><\/font><\/td>\n<\/tr>\n<\/tbody>\n<\/table>\n<\/div>\n","protected":false},"excerpt":{"rendered":"<p>Voici les annonces de la semaine du lundi 24 au dimanche 30 octobre 2016 pour la paroisse des 3 clochers Cr\u00e9cy-la-Chapelle, Villiers-sur-Morin, Voulangis. Samedi 29 \u00e0\u00a0 18 h 30, messe \u00e0\u00a0 Voulangis, Dimanche 30&#46;&#46;&#46;<\/p>\n","protected":false},"author":2,"featured_media":0,"comment_status":"open","ping_status":"open","sticky":false,"template":"","format":"standard","meta":{"footnotes":""},"categories":[],"tags":[],"class_list":["post-1021","post","type-post","status-publish","format-standard","hentry"],"_links":{"self":[{"href":"http:\/\/www.chapelle-crecy.com\/index.php?rest_route=\/wp\/v2\/posts\/1021","targetHints":{"allow":["GET"]}}],"collection":[{"href":"http:\/\/www.chapelle-crecy.com\/index.php?rest_route=\/wp\/v2\/posts"}],"about":[{"href":"http:\/\/www.chapelle-crecy.com\/index.php?rest_route=\/wp\/v2\/types\/post"}],"author":[{"embeddable":true,"href":"http:\/\/www.chapelle-crecy.com\/index.php?rest_route=\/wp\/v2\/users\/2"}],"replies":[{"embeddable":true,"href":"http:\/\/www.chapelle-crecy.com\/index.php?rest_route=%2Fwp%2Fv2%2Fcomments&post=1021"}],"version-history":[{"count":0,"href":"http:\/\/www.chapelle-crecy.com\/index.php?rest_route=\/wp\/v2\/posts\/1021\/revisions"}],"wp:attachment":[{"href":"http:\/\/www.chapelle-crecy.com\/index.php?rest_route=%2Fwp%2Fv2%2Fmedia&parent=1021"}],"wp:term":[{"taxonomy":"category","embeddable":true,"href":"http:\/\/www.chapelle-crecy.com\/index.php?rest_route=%2Fwp%2Fv2%2Fcategories&post=1021"},{"taxonomy":"post_tag","embeddable":true,"href":"http:\/\/www.chapelle-crecy.com\/index.php?rest_route=%2Fwp%2Fv2%2Ftags&post=1021"}],"curies":[{"name":"wp","href":"https:\/\/api.w.org\/{rel}","templated":true}]}}