{"id":1022,"date":"2016-10-28T22:07:40","date_gmt":"2016-10-28T22:07:40","guid":{"rendered":""},"modified":"-0001-11-30T00:00:00","modified_gmt":"-0001-11-29T22:00:00","slug":"","status":"publish","type":"post","link":"http:\/\/www.chapelle-crecy.com\/?p=1022","title":{"rendered":"Annonces du 31 oct. au 6 novembre 2016"},"content":{"rendered":"<div align=\"justify\">Voici les annonces de la semaine du lundi 31 octobre au dimanche 6 novembre 2016 pour la paroisse des 3 clochers Cr\u00e9cy-la-Chapelle, Villiers-sur-Morin, Voulangis. <\/p>\n<p>Samedi 5 \u00e0\u00a0 18 h 30, messe \u00e0\u00a0 Voulangis, <br \/>\nDimanche 6 \u00e0\u00a0 10 h 30, messe \u00e0\u00a0 Villiers. <\/p>\n<p>Tous les d\u00e9tails dans la suite &#8230;\n<\/p><\/div>\n<div align=\"center\">\n<table bgcolor =\"F0F0F6\" border=0>\n<tbody>\n<td><font color=\"0E0C40\"><\/p>\n<div align=\"center\"><img decoding=\"async\" src=\"\/IMG\/lieux\/Tombes.jpg\" width=250><\/div>\n<p><\/font><\/td>\n<td ><font color=\"0E0C40\"><\/p>\n<div align=\"center\">\n<b>Lundi 31 octobre<\/b><br \/>\n17 h &#8211; A la Maison de Retraite, Messe anniversaire pour Germaine GACON.<\/p>\n<p><b>Mardi 1er novembre<\/b><br \/>\n<i>Solennit\u00e9 de la TOUSSAINT<\/i><br \/>\n10 h 30 &#8211; Messe \u00e0 Villiers.<\/p>\n<p><b>Mercredi 2 novembre<\/b><br \/>\n9 h &#8211; Comm\u00e9moration des fid\u00e8les d\u00e9funts.<br \/>\nMesse \u00e0 Voulangis c\u00e9l\u00e9br\u00e9e pour tous nos d\u00e9funts de cette ann\u00e9e.\n<\/td>\n<\/tr>\n<\/tbody>\n<\/table>\n<table bgcolor =\"F0F6FA\" border=0>\n<tbody>\n<tr>\n<td><font color=\"AE0F40\"><\/p>\n<div align=\"center\">\n<b>Jeudi 3 novembre<\/b><br \/> <br \/>\n<i>Saint Mathurin<\/i><br \/>\n18 h &#8211;  Messe \u00e0 Voulangis pour  Pierre LOUIS et Lucien GORRET.<\/p>\n<p><b>Vendredi 4 novembre<\/b><br \/> <br \/>\n<i>St Charles Borrom\u00e9e<\/i><br \/>\n9 h &#8211; Messe \u00e0 Voulangis pour Pascal DUBUS et Laurence MALAPERT.\n<\/div>\n<p><\/font><\/td>\n<td><font color=\"AE0F40\"><\/p>\n<div align=\"center\"><img decoding=\"async\" src=\"\/IMG\/personnes\/charles_boromee.jpg\" width=200><br \/><i>Saint Charles Borom\u00e9e<\/i><\/div>\n<p><\/font><\/td>\n<\/tr>\n<\/tbody>\n<\/table>\n<table bgcolor =\"FFF6F0\" border=0>\n<tbody>\n<tr>\n<td><font color=\"00CC00\"><\/p>\n<div align=\"center\"><img decoding=\"async\" src=\"\/IMG\/personnes\/leonard.jpg\" width=200 ><br \/>\n<br \/>Saint L\u00e9onard<\/div>\n<p><\/font><\/td>\n<td><font color=\"00CC00\"><\/p>\n<div align=\"center\">\n<b>Samedi 5 novembre<\/b><br \/>\n18 h 30 &#8211; Messe \u00e0 Voulangis pour Jeannine HUVELIN et Jean MARTINAND.<\/p>\n<p><b>Dimanche 6 novembre<\/b><br \/> <br \/>\n<i>Saint L\u00e9onard<\/i><br \/>\n10 h 30 &#8211; Messe \u00e0 Villiers pour Mich\u00e8le HAESE, Henri CORPECHOT et Andr\u00e9 RAOULT.\n<\/div>\n<p><\/font><\/td>\n<\/tr>\n<\/tbody>\n<\/table>\n<\/div>\n","protected":false},"excerpt":{"rendered":"<p>Voici les annonces de la semaine du lundi 31 octobre au dimanche 6 novembre 2016 pour la paroisse des 3 clochers Cr\u00e9cy-la-Chapelle, Villiers-sur-Morin, Voulangis. Samedi 5 \u00e0\u00a0 18 h 30, messe \u00e0\u00a0 Voulangis, Dimanche&#46;&#46;&#46;<\/p>\n","protected":false},"author":2,"featured_media":0,"comment_status":"open","ping_status":"open","sticky":false,"template":"","format":"standard","meta":{"footnotes":""},"categories":[],"tags":[],"class_list":["post-1022","post","type-post","status-publish","format-standard","hentry"],"_links":{"self":[{"href":"http:\/\/www.chapelle-crecy.com\/index.php?rest_route=\/wp\/v2\/posts\/1022","targetHints":{"allow":["GET"]}}],"collection":[{"href":"http:\/\/www.chapelle-crecy.com\/index.php?rest_route=\/wp\/v2\/posts"}],"about":[{"href":"http:\/\/www.chapelle-crecy.com\/index.php?rest_route=\/wp\/v2\/types\/post"}],"author":[{"embeddable":true,"href":"http:\/\/www.chapelle-crecy.com\/index.php?rest_route=\/wp\/v2\/users\/2"}],"replies":[{"embeddable":true,"href":"http:\/\/www.chapelle-crecy.com\/index.php?rest_route=%2Fwp%2Fv2%2Fcomments&post=1022"}],"version-history":[{"count":0,"href":"http:\/\/www.chapelle-crecy.com\/index.php?rest_route=\/wp\/v2\/posts\/1022\/revisions"}],"wp:attachment":[{"href":"http:\/\/www.chapelle-crecy.com\/index.php?rest_route=%2Fwp%2Fv2%2Fmedia&parent=1022"}],"wp:term":[{"taxonomy":"category","embeddable":true,"href":"http:\/\/www.chapelle-crecy.com\/index.php?rest_route=%2Fwp%2Fv2%2Fcategories&post=1022"},{"taxonomy":"post_tag","embeddable":true,"href":"http:\/\/www.chapelle-crecy.com\/index.php?rest_route=%2Fwp%2Fv2%2Ftags&post=1022"}],"curies":[{"name":"wp","href":"https:\/\/api.w.org\/{rel}","templated":true}]}}