{"id":1026,"date":"2016-11-18T21:48:14","date_gmt":"2016-11-18T21:48:14","guid":{"rendered":""},"modified":"-0001-11-30T00:00:00","modified_gmt":"-0001-11-29T22:00:00","slug":"","status":"publish","type":"post","link":"http:\/\/www.chapelle-crecy.com\/?p=1026","title":{"rendered":"Annonces du 21 au 27 novembre 2016"},"content":{"rendered":"<div align=\"justify\">Voici les annonces de la semaine du lundi 21 au dimanche 27 novembre 2016 pour la paroisse des 3 clochers Cr\u00e9cy-la-Chapelle, Villiers-sur-Morin, Voulangis. <\/p>\n<p>Samedi 26 \u00e0\u00a0 18 h 30, messe \u00e0\u00a0 Voulangis, <br \/>\nDimanche 27 \u00e0\u00a0 10 h 30, messe \u00e0\u00a0 Villiers. <\/p>\n<p>Tous les d\u00e9tails dans la suite &#8230;\n<\/p><\/div>\n<div align=\"center\">\n<table bgcolor =\"F0F0F6\" border=0>\n<tbody>\n<td><font color=\"0E0C40\"><\/p>\n<div align=\"center\"><img decoding=\"async\" src=\"\/IMG\/personnes\/clement.jpg\" width=200><br \/>\nSaint Cl\u00e9ment<\/div>\n<p><\/font><\/td>\n<td ><font color=\"0E0C40\"><\/p>\n<div align=\"center\">\n<b>Lundi 21 novembre<\/b><br \/>\n17 h &#8211;  C\u00e9l\u00e9bration \u00e0 la Maison de Retraite.<\/p>\n<p><b>Mardi 22 novembre<\/b><br \/>\n18 h &#8211;  Messe \u00e0 Voulangis pour Georges PICARD, Serge PHILIPPE et Jacques CANNEVA.<\/p>\n<p><b>Mercredi 23 novembre<\/b><br \/>\n<i>St Cl\u00e9ment<\/i><\/p>\n<p>9 h -Messe \u00e0 Voulangis pour Suzette TENAGUILLO, Christiane PINOTEAU et Bernard GOURBAUD.\n<\/td>\n<\/tr>\n<\/tbody>\n<\/table>\n<table bgcolor =\"F0F6FA\" border=0>\n<tbody>\n<tr>\n<td><font color=\"AE0F40\"><\/p>\n<div align=\"center\">\n<b>Jeudi 24 novembre<\/b><br \/> <br \/>\n18 h &#8211; Messe \u00e0 Voulangis pour  Rose-Marie DECOUTTERE et Philippe CABARET.<\/p>\n<p><b>Vendredi 25 novembre<\/b><br \/> <br \/>\n<i>Saint Catherine d&rsquo;Alexandrie<\/i><br \/>\n9 h &#8211; Messe \u00e0 Voulangis  pour Liliane LE GUERN et Bernard RICHARD.\n<\/div>\n<p><\/font><\/td>\n<td><font color=\"AE0F40\"><\/p>\n<div align=\"center\"><img decoding=\"async\" src=\"\/IMG\/personnes\/catherine_alexandrie.jpg\" width=250><br \/><i>Sainte Catherine d&rsquo;Alexandrie<\/i><\/div>\n<p><\/font><\/td>\n<\/tr>\n<\/tbody>\n<\/table>\n<table bgcolor =\"FFF6F0\" border=0>\n<tbody>\n<tr>\n<td><font color=\"00CC00\"><\/p>\n<div align=\"center\"><img decoding=\"async\" src=\"\/IMG\/personnes\/delphine.jpg\" width=200 ><br \/>\n<br \/>Sainte Delphine<\/div>\n<p><\/font><\/td>\n<td><font color=\"00CC00\"><\/p>\n<div align=\"center\">\n<b>Samedi 26 novembre<\/b><br \/>\n<i>Sainte Delphine<\/i><br \/>\n17 h &#8211; R\u00e9p\u00e9tition de chants \u00e0  l&rsquo;\u00e9glise de Voulangis.<br \/>\n18 h 30 Messe \u00e0 Voulangis pour les familles POTDEVIN et BRASILLIER.<\/p>\n<p><b>Dimanche 27 novembre<\/b><br \/> <br \/>\n<i>Premier dimanche de l&rsquo;Avent<\/i><br \/>\n10 h 30 &#8211; Messe \u00e0 Villiers  pour Juliette LACOMBE, Marie-Louise POUTONNET et Patrick  FARAOULT.<\/p>\n<p>samedi 26 et dimanche 27 : Qu\u00eate sp\u00e9ciale pour LES CHANTIERS DU CARDINAL\n<\/p><\/div>\n<p><\/font><\/td>\n<\/tr>\n<\/tbody>\n<\/table>\n<\/div>\n","protected":false},"excerpt":{"rendered":"<p>Voici les annonces de la semaine du lundi 21 au dimanche 27 novembre 2016 pour la paroisse des 3 clochers Cr\u00e9cy-la-Chapelle, Villiers-sur-Morin, Voulangis. Samedi 26 \u00e0\u00a0 18 h 30, messe \u00e0\u00a0 Voulangis, Dimanche 27&#46;&#46;&#46;<\/p>\n","protected":false},"author":2,"featured_media":0,"comment_status":"open","ping_status":"open","sticky":false,"template":"","format":"standard","meta":{"footnotes":""},"categories":[],"tags":[],"class_list":["post-1026","post","type-post","status-publish","format-standard","hentry"],"_links":{"self":[{"href":"http:\/\/www.chapelle-crecy.com\/index.php?rest_route=\/wp\/v2\/posts\/1026","targetHints":{"allow":["GET"]}}],"collection":[{"href":"http:\/\/www.chapelle-crecy.com\/index.php?rest_route=\/wp\/v2\/posts"}],"about":[{"href":"http:\/\/www.chapelle-crecy.com\/index.php?rest_route=\/wp\/v2\/types\/post"}],"author":[{"embeddable":true,"href":"http:\/\/www.chapelle-crecy.com\/index.php?rest_route=\/wp\/v2\/users\/2"}],"replies":[{"embeddable":true,"href":"http:\/\/www.chapelle-crecy.com\/index.php?rest_route=%2Fwp%2Fv2%2Fcomments&post=1026"}],"version-history":[{"count":0,"href":"http:\/\/www.chapelle-crecy.com\/index.php?rest_route=\/wp\/v2\/posts\/1026\/revisions"}],"wp:attachment":[{"href":"http:\/\/www.chapelle-crecy.com\/index.php?rest_route=%2Fwp%2Fv2%2Fmedia&parent=1026"}],"wp:term":[{"taxonomy":"category","embeddable":true,"href":"http:\/\/www.chapelle-crecy.com\/index.php?rest_route=%2Fwp%2Fv2%2Fcategories&post=1026"},{"taxonomy":"post_tag","embeddable":true,"href":"http:\/\/www.chapelle-crecy.com\/index.php?rest_route=%2Fwp%2Fv2%2Ftags&post=1026"}],"curies":[{"name":"wp","href":"https:\/\/api.w.org\/{rel}","templated":true}]}}