{"id":1027,"date":"2016-11-26T10:39:20","date_gmt":"2016-11-26T10:39:20","guid":{"rendered":""},"modified":"-0001-11-30T00:00:00","modified_gmt":"-0001-11-29T22:00:00","slug":"","status":"publish","type":"post","link":"http:\/\/www.chapelle-crecy.com\/?p=1027","title":{"rendered":"Annonces du 28 nov. au 4 d\u00e9c. 2016"},"content":{"rendered":"<div align=\"justify\">Voici les annonces de la semaine du lundi 28 novembre au dimanche 4 d\u00e9cembre 2016 pour la paroisse des 3 clochers Cr\u00e9cy-la-Chapelle, Villiers-sur-Morin, Voulangis. <\/p>\n<p>Samedi 3 \u00e0\u00a0 18 h 30, messe \u00e0\u00a0 Voulangis, <br \/>\nDimanche 4 \u00e0\u00a0 10 h 30, messe \u00e0\u00a0 Villiers. <\/p>\n<p>Tous les d\u00e9tails dans la suite &#8230;\n<\/p><\/div>\n<div align=\"center\">\n<table bgcolor =\"F0F0F6\" border=0>\n<tbody>\n<td><font color=\"0E0C40\"><\/p>\n<div align=\"center\"><img decoding=\"async\" src=\"\/IMG\/personnes\/catherine_labouree.jpg\" width=200><br \/>\nSainte Catherine Labour\u00e9e<\/div>\n<p><\/font><\/td>\n<td ><font color=\"0E0C40\"><\/p>\n<div align=\"center\">\n<b>Lundi 28 novembre<\/b><br \/>\n<i>Saint Catherine Labour\u00e9e<\/i><br \/> <br \/>\n17 h &#8211;  Messe \u00e0 la Maison de Retraite pour Paul WESPRISER.<\/p>\n<p><b>Mardi 29 novembre<\/b><br \/>\n15 h &#8211; \u00e0 Voulangis obs\u00e8ques de Janine LHARIDON.<br \/>\n18 h &#8211;  Messe \u00e0 Voulangis pour Damiano CAVALIERE et Patrick MENSAH.<\/p>\n<p><b>Mercredi 30 novembre<\/b><br \/>\n9 h -Messe \u00e0 Voulangis  pour Sabine BATARD et Nelly DELORAINE.\n<\/td>\n<\/tr>\n<\/tbody>\n<\/table>\n<table bgcolor =\"F0F6FA\" border=0>\n<tbody>\n<tr>\n<td><font color=\"AE0F40\"><\/p>\n<div align=\"center\">\n<b>Jeudi 1er d\u00e9cembre<\/b><br \/> <br \/>\n<i>Saint Eloi<\/i><br \/>\nPas de Messe en paroisse.<\/p>\n<p><b>Vendredi 2 d\u00e9cembre<\/b><br \/> <br \/>\n9 h &#8211; Messe \u00e0 Voulangis pour Marie GALLOIS et John STEPHENS.\n<\/div>\n<p><\/font><\/td>\n<td><font color=\"AE0F40\"><\/p>\n<div align=\"center\"><img decoding=\"async\" src=\"\/IMG\/personnes\/eloi\" width=250><br \/><i>Saint Eloi<\/i><\/div>\n<p><\/font><\/td>\n<\/tr>\n<\/tbody>\n<\/table>\n<table bgcolor =\"FFF6F0\" border=0>\n<tbody>\n<tr>\n<td><font color=\"00CC00\"><\/p>\n<div align=\"center\"><img decoding=\"async\" src=\"\/IMG\/personnes\/Francois-xavier.jpg\" width=200 ><br \/>\n<br \/>Saint Fran\u00e7ois-Xavier<\/div>\n<p><\/font><\/td>\n<td><font color=\"00CC00\"><\/p>\n<div align=\"center\">\n<b>Samedi 3 d\u00e9cembre<\/b><br \/>\n<i>Saint Fran\u00e7ois-Xavier<\/i><br \/>\n18 h 30 &#8211; Messe \u00e0 Voulangis pour Marie-Louise CAIN et Pierre MAGNIEZ.<\/p>\n<p><b>Dimanche 4 d\u00e9cembre<\/b><br \/> <br \/>\n10 h 30 &#8211; \u00e0 Villiers, Messe participative avec les enfants. Elle sera c\u00e9l\u00e9br\u00e9e  pour Jean et Simone BLAVIER.<\/p>\n<p>Ce  samedi 3 et dimanche 4 : Vente de No\u00ebl \u00ab\u00a0Cent millions d&rsquo;\u00e9toiles\u00a0\u00bb au profit du SECOURS CATHOLIQUE.\n<\/p><\/div>\n<p><\/font><\/td>\n<\/tr>\n<\/tbody>\n<\/table>\n<\/div>\n","protected":false},"excerpt":{"rendered":"<p>Voici les annonces de la semaine du lundi 28 novembre au dimanche 4 d\u00e9cembre 2016 pour la paroisse des 3 clochers Cr\u00e9cy-la-Chapelle, Villiers-sur-Morin, Voulangis. Samedi 3 \u00e0\u00a0 18 h 30, messe \u00e0\u00a0 Voulangis, Dimanche&#46;&#46;&#46;<\/p>\n","protected":false},"author":2,"featured_media":0,"comment_status":"open","ping_status":"open","sticky":false,"template":"","format":"standard","meta":{"footnotes":""},"categories":[],"tags":[],"class_list":["post-1027","post","type-post","status-publish","format-standard","hentry"],"_links":{"self":[{"href":"http:\/\/www.chapelle-crecy.com\/index.php?rest_route=\/wp\/v2\/posts\/1027","targetHints":{"allow":["GET"]}}],"collection":[{"href":"http:\/\/www.chapelle-crecy.com\/index.php?rest_route=\/wp\/v2\/posts"}],"about":[{"href":"http:\/\/www.chapelle-crecy.com\/index.php?rest_route=\/wp\/v2\/types\/post"}],"author":[{"embeddable":true,"href":"http:\/\/www.chapelle-crecy.com\/index.php?rest_route=\/wp\/v2\/users\/2"}],"replies":[{"embeddable":true,"href":"http:\/\/www.chapelle-crecy.com\/index.php?rest_route=%2Fwp%2Fv2%2Fcomments&post=1027"}],"version-history":[{"count":0,"href":"http:\/\/www.chapelle-crecy.com\/index.php?rest_route=\/wp\/v2\/posts\/1027\/revisions"}],"wp:attachment":[{"href":"http:\/\/www.chapelle-crecy.com\/index.php?rest_route=%2Fwp%2Fv2%2Fmedia&parent=1027"}],"wp:term":[{"taxonomy":"category","embeddable":true,"href":"http:\/\/www.chapelle-crecy.com\/index.php?rest_route=%2Fwp%2Fv2%2Fcategories&post=1027"},{"taxonomy":"post_tag","embeddable":true,"href":"http:\/\/www.chapelle-crecy.com\/index.php?rest_route=%2Fwp%2Fv2%2Ftags&post=1027"}],"curies":[{"name":"wp","href":"https:\/\/api.w.org\/{rel}","templated":true}]}}