{"id":1028,"date":"2016-12-04T15:33:25","date_gmt":"2016-12-04T15:33:25","guid":{"rendered":""},"modified":"-0001-11-30T00:00:00","modified_gmt":"-0001-11-29T22:00:00","slug":"","status":"publish","type":"post","link":"http:\/\/www.chapelle-crecy.com\/?p=1028","title":{"rendered":"Annonces du 5 au 11 d\u00e9c. 2016"},"content":{"rendered":"<div align=\"justify\">Voici les annonces de la semaine du lundi 5 au dimanche 11 d\u00e9cembre 2016 pour la paroisse des 3 clochers Cr\u00e9cy-la-Chapelle, Villiers-sur-Morin, Voulangis. <\/p>\n<p>Samedi 10 \u00e0\u00a0 18 h 30, messe \u00e0\u00a0 Voulangis, <br \/>\nDimanche 11 \u00e0\u00a0 10 h 30, messe \u00e0\u00a0 Villiers. <\/p>\n<p>Tous les d\u00e9tails dans la suite &#8230;\n<\/p><\/div>\n<div align=\"center\">\n<table bgcolor =\"F0F0F6\" border=0>\n<tbody>\n<td><font color=\"0E0C40\"><\/p>\n<div align=\"center\"><img decoding=\"async\" src=\"\/IMG\/personnes\/nicolas.jpg\" width=200><br \/>\nSaint Nicolas<\/div>\n<p><\/font><\/td>\n<td ><font color=\"0E0C40\"><\/p>\n<div align=\"center\">\n<b>Lundi 5 d\u00e9cembre<\/b><br \/>\n14 h 30 &#8211; R\u00e9union de l&rsquo;\u00e9quipe du Rosaire chez Mme LOUIS.<br \/>\n17 h &#8211;  Messe \u00e0 la Maison de Retraite  pour Jean PANHARD et Georges PICARD.<\/p>\n<p><b>Mardi 6 d\u00e9cembre<\/b><br \/>\n<i>Saint Nicolas<\/i><br \/>\n<i>Pas de Messe en paroisse.<\/i><br \/>\n15 h &#8211; \u00e0 Villiers, obs\u00e8ques de C\u00e9cile HUTHSTEINER.<\/p>\n<p><b>Mercredi 7 d\u00e9cembre<\/b><br \/>\n9 h &#8211; \u00e0 Voulangis, Messe anniversaire  pour Raymonde et Jean LEROUX, et pour Raymond NOEL.<br \/>\n10 h 15 &#8211; \u00e0 Voulangis, Obs\u00e8ques d&rsquo;Iris CUGINI.\n<\/td>\n<\/tr>\n<\/tbody>\n<\/table>\n<table bgcolor =\"F0F6FA\" border=0>\n<tbody>\n<tr>\n<td><font color=\"AE0F40\"><\/p>\n<div align=\"center\">\n<b>Jeudi 8 d\u00e9cembre<\/b><br \/> <br \/>\n<i>Immacul\u00e9e Conception<\/i><br \/>\n18 h &#8211; Messe \u00e0 Voulangis pour Jean-Fran\u00e7ois LE VERT,  Alphonse MOREL et Jean ROSIER.<\/p>\n<p><b>Vendredi 9 d\u00e9cembre<\/b><br \/> <br \/>\n9 h &#8211; Messe \u00e0 Voulangis pour la famille NOEL et Michel DEDIEU.\n<\/div>\n<p><\/font><\/td>\n<td><font color=\"AE0F40\"><\/p>\n<div align=\"center\"><img decoding=\"async\" src=\"\/IMG\/personnes\/immaculee_conception\" width=250><br \/><i>L&rsquo;immacul\u00e9e Conception<\/i><\/div>\n<p><\/font><\/td>\n<\/tr>\n<\/tbody>\n<\/table>\n<table bgcolor =\"FFF6F0\" border=0>\n<tbody>\n<tr>\n<td><font color=\"00CC00\"><\/p>\n<div align=\"center\"><img decoding=\"async\" src=\"\/IMG\/personnes\/michel_houel.jpg\" width=200 ><br \/>\n<br \/>Michel Houel<\/div>\n<p><\/font><\/td>\n<td><font color=\"00CC00\"><\/p>\n<div align=\"center\">\n<b>Samedi 10 d\u00e9cembre<\/b><br \/>\n14 h 00 &#8211; \u00e0 la COLLEGIALE, obs\u00e8ques de Michel HOUEL, ancien Maire de Cr\u00e9cy.<br \/>\n18 h 30 &#8211; Messe \u00e0 Voulangis pour Maryvonne MATHONNET,  Laurence MALAPERT et pour Serge PHILIPPE.<\/p>\n<p><b>Dimanche 11 d\u00e9cembre<\/b><br \/> <br \/>\n10 h 30 -Messe \u00e0 Villiers pour Casimir SATCHIVI et les d\u00e9funts de la famille BOYER.<br \/>\nVente de chocolats au profit du BURKINA FASO.\n<\/div>\n<p><\/font><\/td>\n<\/tr>\n<\/tbody>\n<\/table>\n<\/div>\n","protected":false},"excerpt":{"rendered":"<p>Voici les annonces de la semaine du lundi 5 au dimanche 11 d\u00e9cembre 2016 pour la paroisse des 3 clochers Cr\u00e9cy-la-Chapelle, Villiers-sur-Morin, Voulangis. Samedi 10 \u00e0\u00a0 18 h 30, messe \u00e0\u00a0 Voulangis, Dimanche 11&#46;&#46;&#46;<\/p>\n","protected":false},"author":2,"featured_media":0,"comment_status":"open","ping_status":"open","sticky":false,"template":"","format":"standard","meta":{"footnotes":""},"categories":[],"tags":[],"class_list":["post-1028","post","type-post","status-publish","format-standard","hentry"],"_links":{"self":[{"href":"http:\/\/www.chapelle-crecy.com\/index.php?rest_route=\/wp\/v2\/posts\/1028","targetHints":{"allow":["GET"]}}],"collection":[{"href":"http:\/\/www.chapelle-crecy.com\/index.php?rest_route=\/wp\/v2\/posts"}],"about":[{"href":"http:\/\/www.chapelle-crecy.com\/index.php?rest_route=\/wp\/v2\/types\/post"}],"author":[{"embeddable":true,"href":"http:\/\/www.chapelle-crecy.com\/index.php?rest_route=\/wp\/v2\/users\/2"}],"replies":[{"embeddable":true,"href":"http:\/\/www.chapelle-crecy.com\/index.php?rest_route=%2Fwp%2Fv2%2Fcomments&post=1028"}],"version-history":[{"count":0,"href":"http:\/\/www.chapelle-crecy.com\/index.php?rest_route=\/wp\/v2\/posts\/1028\/revisions"}],"wp:attachment":[{"href":"http:\/\/www.chapelle-crecy.com\/index.php?rest_route=%2Fwp%2Fv2%2Fmedia&parent=1028"}],"wp:term":[{"taxonomy":"category","embeddable":true,"href":"http:\/\/www.chapelle-crecy.com\/index.php?rest_route=%2Fwp%2Fv2%2Fcategories&post=1028"},{"taxonomy":"post_tag","embeddable":true,"href":"http:\/\/www.chapelle-crecy.com\/index.php?rest_route=%2Fwp%2Fv2%2Ftags&post=1028"}],"curies":[{"name":"wp","href":"https:\/\/api.w.org\/{rel}","templated":true}]}}