{"id":103,"date":"2009-04-15T00:13:28","date_gmt":"2009-04-15T00:13:28","guid":{"rendered":""},"modified":"-0001-11-30T00:00:00","modified_gmt":"-0001-11-29T22:00:00","slug":"","status":"publish","type":"post","link":"http:\/\/www.chapelle-crecy.com\/?p=103","title":{"rendered":"Administration du site"},"content":{"rendered":"<table bgcolor =\"F0FAFF\" border=0>\n<tbody>\n<tr>\n<td>\n<div align=\"justify\">Le site Internet www.chapelle-crecy.com offre de l&rsquo;information religieuse, culturelle et locale aux habitants de Cr\u00e9cy, Villiers et Voulangis. Il r\u00e9pond ainsi \u00e0\u00a0 un besoin d&rsquo;information plus rapide et complet au travers de l&rsquo;outil Internet. La gestion du site et la mise en ligne des informations sont assur\u00e9es par un comit\u00e9 d&rsquo;administration.<\/div>\n<\/td>\n<\/tr>\n<\/tbody>\n<\/table>\n<table bgcolor =\"F0FAFF\" border=0>\n<tbody>\n<tr>\n<td>\n<table bgcolor =\"F0FAFF\" border=0>\n<tbody>\n<tr>\n<td>\n<div align=\"justify\">\nLe comit\u00e9 s&rsquo;appuie sur une charte de d\u00e9ontologie que nous avons \u00e9tablie lors de la cr\u00e9ation du site et qui a \u00e9t\u00e9 amend\u00e9e en octobre 2010. Cette charte est accessible depuis le menu bleu en haut de la page d&rsquo;accueil. Nous vous invitons \u00e0 la parcourir. (<a href=\"http:\/\/www.chapelle-crecy.com\/docs\/charte.pdf\" target=\"_blank\"><b>Lire la charte<\/b><\/a>).<\/p>\n<p>En r\u00e9sum\u00e9, en voici les points forts :<br \/>\n&#8211; les principales rubrique du site sont : activit\u00e9s, adresse utiles, \u00e9v\u00e9nements, culture, carnet paroissial, reportages, r\u00e9flexions&#8230;<br \/>\n&#8211; le contenu du site se veut compatible avec les principes et les valeurs de l&rsquo;Eglise catholique.<br \/>\n&#8211; le site est g\u00e9r\u00e9 par des b\u00e9n\u00e9voles.<br \/>\n&#8211; le site peut \u00eatre aliment\u00e9 par les contributions du public.<br \/>\n&#8211; le site se doit de respecter la libert\u00e9 d&rsquo;expression, les personnes, la langue fran\u00e7aise et le droit d&rsquo;auteur.<\/p>\n<p>Bonne visite sur www.chapelle-crecy.com !<br \/>\n<\/div>\n<td><\/tr>\n<\/tbody>\n<\/table>\n<p><\/p>\n<div align=\"center\">\n<table bgcolor =\"F0FAFF\" border=0>\n<tbody>\n<tr>\n<td width=\"25%\">\n<div align=\"center\"><img decoding=\"async\" src=\"\/IMG\/jpg\/jean-michel_sagnes.jpg\" height=160><\/div>\n<\/td>\n<td width=\"25%\">\n<div align=\"center\"><img decoding=\"async\" src=\"\/IMG\/jpg\/thierry_briane.jpg\"  height=160><\/div>\n<\/td>\n<td width=\"25%\">\n<div align=\"center\"><img decoding=\"async\" src=\"\/IMG\/jpg\/joel_lahaille.jpg\"  height=160><\/div>\n<\/td>\n<\/tr>\n<tr>\n<td width=\"25%\">\n<div align=\"center\"><b>Jean-Michel Sagnes<\/b><\/div>\n<\/td>\n<td width=\"25%\">\n<div align=\"center\"><b>Thierry Briane<\/b><\/div>\n<\/td>\n<td width=\"25%\">\n<div align=\"center\"><b>Jo\u00ebl Lahaille<\/b><\/div>\n<\/td>\n<\/tr>\n<\/tbody>\n<\/table>\n<\/div>\n<div align=\"center\"><img decoding=\"async\" src=\"\/IMG\/jpg\/equipe_ccc.jpg\"  width=600><\/div>\n<\/td>\n<\/td>\n<\/tr>\n<\/tbody>\n<\/table>\n","protected":false},"excerpt":{"rendered":"<p>Le site Internet www.chapelle-crecy.com offre de l&rsquo;information religieuse, culturelle et locale aux habitants de Cr\u00e9cy, Villiers et Voulangis. Il r\u00e9pond ainsi \u00e0\u00a0 un besoin d&rsquo;information plus rapide et complet au travers de l&rsquo;outil Internet.&#46;&#46;&#46;<\/p>\n","protected":false},"author":2,"featured_media":0,"comment_status":"open","ping_status":"open","sticky":false,"template":"","format":"standard","meta":{"footnotes":""},"categories":[],"tags":[],"class_list":["post-103","post","type-post","status-publish","format-standard","hentry"],"_links":{"self":[{"href":"http:\/\/www.chapelle-crecy.com\/index.php?rest_route=\/wp\/v2\/posts\/103","targetHints":{"allow":["GET"]}}],"collection":[{"href":"http:\/\/www.chapelle-crecy.com\/index.php?rest_route=\/wp\/v2\/posts"}],"about":[{"href":"http:\/\/www.chapelle-crecy.com\/index.php?rest_route=\/wp\/v2\/types\/post"}],"author":[{"embeddable":true,"href":"http:\/\/www.chapelle-crecy.com\/index.php?rest_route=\/wp\/v2\/users\/2"}],"replies":[{"embeddable":true,"href":"http:\/\/www.chapelle-crecy.com\/index.php?rest_route=%2Fwp%2Fv2%2Fcomments&post=103"}],"version-history":[{"count":0,"href":"http:\/\/www.chapelle-crecy.com\/index.php?rest_route=\/wp\/v2\/posts\/103\/revisions"}],"wp:attachment":[{"href":"http:\/\/www.chapelle-crecy.com\/index.php?rest_route=%2Fwp%2Fv2%2Fmedia&parent=103"}],"wp:term":[{"taxonomy":"category","embeddable":true,"href":"http:\/\/www.chapelle-crecy.com\/index.php?rest_route=%2Fwp%2Fv2%2Fcategories&post=103"},{"taxonomy":"post_tag","embeddable":true,"href":"http:\/\/www.chapelle-crecy.com\/index.php?rest_route=%2Fwp%2Fv2%2Ftags&post=103"}],"curies":[{"name":"wp","href":"https:\/\/api.w.org\/{rel}","templated":true}]}}