{"id":1031,"date":"2016-12-16T20:49:10","date_gmt":"2016-12-16T20:49:10","guid":{"rendered":""},"modified":"-0001-11-30T00:00:00","modified_gmt":"-0001-11-29T22:00:00","slug":"","status":"publish","type":"post","link":"http:\/\/www.chapelle-crecy.com\/?p=1031","title":{"rendered":"Annonces du 19 au 25 d\u00e9c. 2016"},"content":{"rendered":"<div align=\"justify\">Voici les annonces de la semaine du lundi 19 au dimanche 25 d\u00e9cembre 2016 pour la paroisse des 3 clochers Cr\u00e9cy-la-Chapelle, Villiers-sur-Morin, Voulangis. <\/p>\n<p>Samedi 24 \u00e0\u00a0 20 h 30, Veill\u00e9e de no\u00f6l \u00e0\u00a0 Villiers, <br \/>\nDimanche 25 \u00e0\u00a0 10 h 30, messe du jour de no\u00f6l \u00e0\u00a0 Villiers. <\/p>\n<p>Tous les d\u00e9tails dans la suite &#8230;\n<\/p><\/div>\n<div align=\"center\">\n<table bgcolor =\"F0F0F6\" border=0>\n<tbody>\n<td><font color=\"0E0C40\"><\/p>\n<div align=\"center\"><img decoding=\"async\" src=\"\/IMG\/gif\/noel_nativite019.gif\" width=200><\/div>\n<p><\/font><\/td>\n<td ><font color=\"0E0C40\"><\/p>\n<div align=\"center\">\n<b>Lundi 19 d\u00e9cembre<\/b><br \/>\n15 h &#8211; Obs\u00e8ques \u00e0 Villiers d&rsquo;Elina FRANCISCO.<br \/>\n17 h &#8211;  Messe anticip\u00e9e de No\u00ebl  \u00e0 la Maison de Retraite. <\/p>\n<p><b>Mardi 20 d\u00e9cembre<\/b><br \/>\n10 h &#8211; A Voulangis,  Obs\u00e8ques de Nadine FELIX.<br \/>\n18 h &#8211; Messe \u00e0 Voulangis pour Lucien  GORRET, Val\u00e9rie SCHULER et Marianne BENVENUTI.<\/p>\n<p><b>Mercredi 21 d\u00e9cembre<\/b><br \/>\n9 h &#8211; Messe \u00e0 Voulangis, pour Paul WESPRISER et Patrick FARAOULT.<br \/>\n10 h &#8211; \u00e0 Voulangis, obs\u00e8ques de Ren\u00e9e GUIBERT.\n<\/td>\n<\/tr>\n<\/tbody>\n<\/table>\n<table bgcolor =\"F0F6FA\" border=0>\n<tbody>\n<tr>\n<td><font color=\"AE0F40\"><\/p>\n<div align=\"center\">\n<b>Jeudi 22 d\u00e9cembre<\/b><br \/> <br \/>\n14 h 30 &#8211; A Villiers, obs\u00e8ques de Jacques GIROD.<br \/>\n20 h 30 &#8211; CELEBRATION PENITENTIELLE \u00e0 Voulangis, avec confession individuelle.<\/p>\n<p><b>Vendredi 23 d\u00e9cembre<\/b><br \/> <br \/>\n9 h &#8211; Messe \u00e0 Voulangis  pour  Jeanne CALONNA et Roger DUFAUX.\n<\/div>\n<p><\/font><\/td>\n<td><font color=\"AE0F40\"><\/p>\n<div align=\"center\"><img decoding=\"async\" src=\"\/IMG\/gif\/noel_nativite030.gif\" width=250><\/div>\n<p><\/font><\/td>\n<\/tr>\n<\/tbody>\n<\/table>\n<table bgcolor =\"FFF6F0\" border=0>\n<tbody>\n<tr>\n<td><font color=\"00CC00\"><\/p>\n<div align=\"center\"><img decoding=\"async\" src=\"\/IMG\/gif\/noel_nativite008.gif\" >\n<\/div>\n<p><\/font><\/td>\n<td><font color=\"00CC00\"><\/p>\n<div align=\"center\">\n<b>Samedi 24 d\u00e9cembre<\/b><br \/>\nDe 9 h \u00e0 10 h 15 : r\u00e9p\u00e9tition de chants \u00e0 Villiers.<br \/>\n20 h 30 &#8211;  VEILLEE DE NOEL \u00e0 Villiers.<\/p>\n<p><b>Dimanche 25 d\u00e9cembre<\/b><br \/> <br \/>\n<i>Nativit\u00e9 du seigneur<\/i><br \/>\n10 h 30 &#8211; Messe du jour de No\u00ebl \u00e0 Villiers.<br \/>\nC&rsquo;est aussi une Messe anniversaire du d\u00e9c\u00e8s d&rsquo;Andr\u00e9 CHAMPIN.<br \/> <br \/>\nEt nous prions pour Nadine FELIX et pour la petite Elina inhum\u00e9e cette semaine, ainsi que pour sa famille.\n<\/div>\n<p><\/font><\/td>\n<\/tr>\n<\/tbody>\n<\/table>\n<p><img decoding=\"async\" src=\"\/IMG\/gif\/noel_nativite009.gif\"><\/div>\n","protected":false},"excerpt":{"rendered":"<p>Voici les annonces de la semaine du lundi 19 au dimanche 25 d\u00e9cembre 2016 pour la paroisse des 3 clochers Cr\u00e9cy-la-Chapelle, Villiers-sur-Morin, Voulangis. Samedi 24 \u00e0\u00a0 20 h 30, Veill\u00e9e de no\u00f6l \u00e0\u00a0 Villiers,&#46;&#46;&#46;<\/p>\n","protected":false},"author":2,"featured_media":0,"comment_status":"open","ping_status":"open","sticky":false,"template":"","format":"standard","meta":{"footnotes":""},"categories":[],"tags":[],"class_list":["post-1031","post","type-post","status-publish","format-standard","hentry"],"_links":{"self":[{"href":"http:\/\/www.chapelle-crecy.com\/index.php?rest_route=\/wp\/v2\/posts\/1031","targetHints":{"allow":["GET"]}}],"collection":[{"href":"http:\/\/www.chapelle-crecy.com\/index.php?rest_route=\/wp\/v2\/posts"}],"about":[{"href":"http:\/\/www.chapelle-crecy.com\/index.php?rest_route=\/wp\/v2\/types\/post"}],"author":[{"embeddable":true,"href":"http:\/\/www.chapelle-crecy.com\/index.php?rest_route=\/wp\/v2\/users\/2"}],"replies":[{"embeddable":true,"href":"http:\/\/www.chapelle-crecy.com\/index.php?rest_route=%2Fwp%2Fv2%2Fcomments&post=1031"}],"version-history":[{"count":0,"href":"http:\/\/www.chapelle-crecy.com\/index.php?rest_route=\/wp\/v2\/posts\/1031\/revisions"}],"wp:attachment":[{"href":"http:\/\/www.chapelle-crecy.com\/index.php?rest_route=%2Fwp%2Fv2%2Fmedia&parent=1031"}],"wp:term":[{"taxonomy":"category","embeddable":true,"href":"http:\/\/www.chapelle-crecy.com\/index.php?rest_route=%2Fwp%2Fv2%2Fcategories&post=1031"},{"taxonomy":"post_tag","embeddable":true,"href":"http:\/\/www.chapelle-crecy.com\/index.php?rest_route=%2Fwp%2Fv2%2Ftags&post=1031"}],"curies":[{"name":"wp","href":"https:\/\/api.w.org\/{rel}","templated":true}]}}