{"id":1032,"date":"2016-12-23T21:20:05","date_gmt":"2016-12-23T21:20:05","guid":{"rendered":""},"modified":"-0001-11-30T00:00:00","modified_gmt":"-0001-11-29T22:00:00","slug":"","status":"publish","type":"post","link":"http:\/\/www.chapelle-crecy.com\/?p=1032","title":{"rendered":"Annonces du 26 d\u00e9c au 1er janvier 2017"},"content":{"rendered":"<div align=\"justify\">Voici les annonces de la semaine du lundi 26 d\u00e9cembre au dimanche 1er janvier 2017 pour la paroisse des 3 clochers Cr\u00e9cy-la-Chapelle, Villiers-sur-Morin, Voulangis. <\/p>\n<p>Samedi 31 \u00e0\u00a0 20 h 30, Veill\u00e9e de no\u00f6l \u00e0\u00a0 Villiers, <br \/>\nDimanche 1er \u00e0\u00a0 10 h 30, messe du jour de no\u00f6l \u00e0\u00a0 Villiers. <\/p>\n<p>Tous les d\u00e9tails dans la suite &#8230;\n<\/p><\/div>\n<div align=\"center\">\n<table bgcolor =\"F0F0F6\" border=0>\n<tbody>\n<td><font color=\"0E0C40\"><\/p>\n<div align=\"center\"><img decoding=\"async\" src=\"\/IMG\/gif\/noel_nativite027.gif\" width=200><\/div>\n<p><\/font><\/td>\n<td ><font color=\"0E0C40\"><\/p>\n<div align=\"center\">\n<b>Lundi 26 d\u00e9cembre<\/b><br \/>\n17 h &#8211;  C\u00e9l\u00e9bration \u00e0 la Maison de Retraite. <\/p>\n<p><b>Mardi 27 d\u00e9cembre<\/b><br \/>\n10 h &#8211; A Voulangis,  Obs\u00e8ques d&rsquo;Isabelle DIAQUIN.<\/td>\n<\/tr>\n<\/tbody>\n<\/table>\n<table bgcolor =\"F0F6FA\" border=0>\n<tbody>\n<tr>\n<td><font color=\"AE0F40\"><\/p>\n<div align=\"center\">\n<b>Jeudi 29 d\u00e9cembre<\/b><br \/> <br \/>\n<i>St Thomas Beckett<\/i><br \/>\n18 h &#8211; Messe \u00e0 Voulangis pour Juliette LACOMBE, Jacqueline KTINTZ et Damiano CAVALIERE.<\/p>\n<p><b>Vendredi 30 d\u00e9cembre<\/b><br \/> <br \/>\n<i>F\u00eate de la Sainte Famille<\/i><br \/>\n9 h &#8211; Messe \u00e0 Voulangis pour Mich\u00e8le HAESE et Patrick MENSAH.\n<\/div>\n<p><\/font><\/td>\n<td><font color=\"AE0F40\"><\/p>\n<div align=\"center\"><img decoding=\"async\" src=\"\/IMG\/gif\/noel_nativite012.gif\" ><\/div>\n<p><\/font><\/td>\n<\/tr>\n<\/tbody>\n<\/table>\n<table bgcolor =\"FFF6F0\" border=0>\n<tbody>\n<tr>\n<td><font color=\"00CC00\"><\/p>\n<div align=\"center\"><img decoding=\"async\" src=\"\/IMG\/gif\/roismages.gif\" >\n<\/div>\n<p><\/font><\/td>\n<td><font color=\"00CC00\"><\/p>\n<div align=\"center\">\n<b>Samedi 31 d\u00e9cembre<\/b><br \/>\n<i>St Sylvestre, Pape<\/i><br \/>\n18 h 30 &#8211; Messe \u00e0 Voulangis pour Yvette VALLEE, Nelly DELORAINE et Jacqueline MULET.<br \/>\nNous prierons aussi pour Nadine FELIX inhum\u00e9e la semaine derni\u00e8re<\/p>\n<p><b>Dimanche1er janvier<\/b><br \/> <br \/>\n<i>Solennit\u00e9 de SAINTE MARIE, M\u00e8re de Dieu<\/i><br \/>\n10 h 30 &#8211; Messe \u00e0 Villiers pour Jeannine HUVELIN et Jean ROSIER. <br \/>\nNous prierons aussi pour Jacques GIROD et la petite Elina FRANCISCO inhum\u00e9s la semaine pass\u00e9e .\n<\/div>\n<p><\/font><\/td>\n<\/tr>\n<\/tbody>\n<\/table>\n<p><img decoding=\"async\" src=\"\/IMG\/gif\/noel_nativite035.gif\"><\/div>\n","protected":false},"excerpt":{"rendered":"<p>Voici les annonces de la semaine du lundi 26 d\u00e9cembre au dimanche 1er janvier 2017 pour la paroisse des 3 clochers Cr\u00e9cy-la-Chapelle, Villiers-sur-Morin, Voulangis. Samedi 31 \u00e0\u00a0 20 h 30, Veill\u00e9e de no\u00f6l \u00e0\u00a0&#46;&#46;&#46;<\/p>\n","protected":false},"author":2,"featured_media":0,"comment_status":"open","ping_status":"open","sticky":false,"template":"","format":"standard","meta":{"footnotes":""},"categories":[],"tags":[],"class_list":["post-1032","post","type-post","status-publish","format-standard","hentry"],"_links":{"self":[{"href":"http:\/\/www.chapelle-crecy.com\/index.php?rest_route=\/wp\/v2\/posts\/1032","targetHints":{"allow":["GET"]}}],"collection":[{"href":"http:\/\/www.chapelle-crecy.com\/index.php?rest_route=\/wp\/v2\/posts"}],"about":[{"href":"http:\/\/www.chapelle-crecy.com\/index.php?rest_route=\/wp\/v2\/types\/post"}],"author":[{"embeddable":true,"href":"http:\/\/www.chapelle-crecy.com\/index.php?rest_route=\/wp\/v2\/users\/2"}],"replies":[{"embeddable":true,"href":"http:\/\/www.chapelle-crecy.com\/index.php?rest_route=%2Fwp%2Fv2%2Fcomments&post=1032"}],"version-history":[{"count":0,"href":"http:\/\/www.chapelle-crecy.com\/index.php?rest_route=\/wp\/v2\/posts\/1032\/revisions"}],"wp:attachment":[{"href":"http:\/\/www.chapelle-crecy.com\/index.php?rest_route=%2Fwp%2Fv2%2Fmedia&parent=1032"}],"wp:term":[{"taxonomy":"category","embeddable":true,"href":"http:\/\/www.chapelle-crecy.com\/index.php?rest_route=%2Fwp%2Fv2%2Fcategories&post=1032"},{"taxonomy":"post_tag","embeddable":true,"href":"http:\/\/www.chapelle-crecy.com\/index.php?rest_route=%2Fwp%2Fv2%2Ftags&post=1032"}],"curies":[{"name":"wp","href":"https:\/\/api.w.org\/{rel}","templated":true}]}}