{"id":1033,"date":"2017-01-01T20:19:47","date_gmt":"2017-01-01T20:19:47","guid":{"rendered":""},"modified":"-0001-11-30T00:00:00","modified_gmt":"-0001-11-29T22:00:00","slug":"","status":"publish","type":"post","link":"http:\/\/www.chapelle-crecy.com\/?p=1033","title":{"rendered":"Annonces du 2 au 8 janvier 2017"},"content":{"rendered":"<div align=\"justify\">Voici les annonces de la semaine du lundi 2 au dimanche 8 janvier 2017 pour la paroisse des 3 clochers Cr\u00e9cy-la-Chapelle, Villiers-sur-Morin, Voulangis. <\/p>\n<p>Samedi 7 \u00e0\u00a0 18 h 30, messe \u00e0\u00a0 Voulangis, <br \/>\nDimanche 8 \u00e0\u00a0 10 h 30, messe \u00e0\u00a0 Villiers. <\/p>\n<p>Tous les d\u00e9tails dans la suite &#8230;\n<\/p><\/div>\n<div align=\"center\">\n<table bgcolor =\"F0F0F6\" border=0>\n<tbody>\n<td><font color=\"0E0C40\"><\/p>\n<div align=\"center\"><img decoding=\"async\" src=\"\/IMG\/personnes\/genevieve.jpg\" width=200><br \/><i>Ste Genevi\u00e8ve<\/i><\/div>\n<p><\/font><\/td>\n<td ><font color=\"0E0C40\"><\/p>\n<div align=\"center\">\n<b>Lundi 2 janvier<\/b><br \/>\n<i>St Basile le Gd et St Gr\u00e9goire <\/i><br \/>\n14 h 30 &#8211; R\u00e9union de l&rsquo;Equipe du Rosaire chez Mme LOUIS<br \/>\n17 h &#8211;  Messe \u00e0 la Maison de Retraite. <\/p>\n<p><b>Mardi 3 janvier<\/b><br \/>\n<i>Ste Genevi\u00e8ve<\/i><br \/>\n18 h &#8211;  Messe \u00e0 Voulangis pour Rose-Marie DECOUTTERE et Bernard  RICHARD.<\/p>\n<p><b>Mercredi 4 janvier<\/b><br \/>\n9 h &#8211; Messe \u00e0 Voulangis pour Marguerite-Marie PANHARD et Philippe CABARET.\n<\/td>\n<\/tr>\n<\/tbody>\n<\/table>\n<table bgcolor =\"F0F6FA\" border=0>\n<tbody>\n<tr>\n<td><font color=\"AE0F40\"><\/p>\n<div align=\"center\">\n<b>Jeudi 5 janvier<\/b><br \/> <br \/>\n<i>Saint Edouard le confesseur<\/i><br \/>\n18 h &#8211; Messe \u00e0 Voulangis pour Serge PHILIPPE et Liliane LE GUERN.<\/p>\n<p><b>Vendredi 6 janvier<\/b><br \/> <br \/>\n9 h &#8211; Messe \u00e0 Voulangis pour le P\u00e8re de CHRISTEN et Michel DEDIEU.<br \/>\n15 h &#8211; A la coll\u00e9giale de Cr\u00e9cy, obs\u00e8ques de Simon ARBOGAST\n<\/div>\n<p><\/font><\/td>\n<td><font color=\"AE0F40\"><\/p>\n<div align=\"center\"><img decoding=\"async\" src=\"\/IMG\/personnes\/edouard.jpg\" width=200><br \/>\n<i>Saint Edouard le confesseur<\/i><\/div>\n<p><\/font><\/td>\n<\/tr>\n<\/tbody>\n<\/table>\n<table bgcolor =\"FFF6F0\" border=0>\n<tbody>\n<tr>\n<td><font color=\"00CC00\"><\/p>\n<div align=\"center\"><img decoding=\"async\" src=\"\/IMG\/gif\/roismages.gif\" >\n<\/div>\n<p><\/font><\/td>\n<td><font color=\"00CC00\"><\/p>\n<div align=\"center\">\n<b>Samedi 7 janvier<\/b><br \/>\n18 h 30 &#8211; Messe \u00e0 Voulangis pour Janine LHARIDON et Fran\u00e7ois de LAUBRIERE.<\/p>\n<p>\n<b>Dimanche 8 janvier<\/b><br \/> <br \/>\n<i>EPIPHANIE DU SEIGNEUR <\/i><br \/>\n10 h 30 &#8211; Messe \u00e0 Villiers pour la famille CHAVIGNY, et pour Louis et Hermann BALTHAZAR.\n<\/div>\n<p><\/font><\/td>\n<\/tr>\n<\/tbody>\n<\/table>\n<p><img decoding=\"async\" src=\"\/IMG\/gif\/noel_nativite035.gif\"><\/div>\n","protected":false},"excerpt":{"rendered":"<p>Voici les annonces de la semaine du lundi 2 au dimanche 8 janvier 2017 pour la paroisse des 3 clochers Cr\u00e9cy-la-Chapelle, Villiers-sur-Morin, Voulangis. Samedi 7 \u00e0\u00a0 18 h 30, messe \u00e0\u00a0 Voulangis, Dimanche 8&#46;&#46;&#46;<\/p>\n","protected":false},"author":2,"featured_media":0,"comment_status":"open","ping_status":"open","sticky":false,"template":"","format":"standard","meta":{"footnotes":""},"categories":[],"tags":[],"class_list":["post-1033","post","type-post","status-publish","format-standard","hentry"],"_links":{"self":[{"href":"http:\/\/www.chapelle-crecy.com\/index.php?rest_route=\/wp\/v2\/posts\/1033","targetHints":{"allow":["GET"]}}],"collection":[{"href":"http:\/\/www.chapelle-crecy.com\/index.php?rest_route=\/wp\/v2\/posts"}],"about":[{"href":"http:\/\/www.chapelle-crecy.com\/index.php?rest_route=\/wp\/v2\/types\/post"}],"author":[{"embeddable":true,"href":"http:\/\/www.chapelle-crecy.com\/index.php?rest_route=\/wp\/v2\/users\/2"}],"replies":[{"embeddable":true,"href":"http:\/\/www.chapelle-crecy.com\/index.php?rest_route=%2Fwp%2Fv2%2Fcomments&post=1033"}],"version-history":[{"count":0,"href":"http:\/\/www.chapelle-crecy.com\/index.php?rest_route=\/wp\/v2\/posts\/1033\/revisions"}],"wp:attachment":[{"href":"http:\/\/www.chapelle-crecy.com\/index.php?rest_route=%2Fwp%2Fv2%2Fmedia&parent=1033"}],"wp:term":[{"taxonomy":"category","embeddable":true,"href":"http:\/\/www.chapelle-crecy.com\/index.php?rest_route=%2Fwp%2Fv2%2Fcategories&post=1033"},{"taxonomy":"post_tag","embeddable":true,"href":"http:\/\/www.chapelle-crecy.com\/index.php?rest_route=%2Fwp%2Fv2%2Ftags&post=1033"}],"curies":[{"name":"wp","href":"https:\/\/api.w.org\/{rel}","templated":true}]}}