{"id":1035,"date":"2017-01-06T08:00:00","date_gmt":"2017-01-06T08:00:00","guid":{"rendered":""},"modified":"-0001-11-30T00:00:00","modified_gmt":"-0001-11-29T22:00:00","slug":"","status":"publish","type":"post","link":"http:\/\/www.chapelle-crecy.com\/?p=1035","title":{"rendered":"Annonces du 9 au 15 janvier 2017"},"content":{"rendered":"<div align=\"justify\">Voici les annonces de la semaine du lundi 9 au dimanche 15 janvier 2017 pour la paroisse des 3 clochers Cr\u00e9cy-la-Chapelle, Villiers-sur-Morin, Voulangis. <\/p>\n<p>Samedi 14 \u00e0\u00a0 18 h 30, messe \u00e0\u00a0 Voulangis, <br \/>\nDimanche 15 \u00e0\u00a0 10 h 30, messe \u00e0\u00a0 Villiers. <\/p>\n<p>Tous les d\u00e9tails dans la suite &#8230;\n<\/p><\/div>\n<div align=\"center\">\n<table bgcolor =\"F0F0F6\" border=0>\n<tbody>\n<td><font color=\"0E0C40\"><\/p>\n<div align=\"center\"><img decoding=\"async\" src=\"\/IMG\/personnes\/guillaume.jpg\" width=200><br \/><i>St Guillaume<\/i><\/div>\n<p><\/font><\/td>\n<td ><font color=\"0E0C40\"><\/p>\n<div align=\"center\">\n<b>Lundi 9 janvier<\/b><br \/>\n<i>BAPTEME DU SEIGNEUR<\/i><br \/>\n14 h 45 &#8211; R\u00e9union de l&rsquo;Equipe du Rosaire chez Mme LOUIS<br \/>\n17 h &#8211; C\u00e9l\u00e9bration \u00e0 la Maison de Retraite<br \/>\n20 h 30 &#8211; R\u00e9union de l&rsquo;Equipe d&rsquo;ACCUEIL<\/p>\n<p><b>Mardi 10 janvier<\/b><br \/>\n<i>Ste Guillaume<\/i><br \/>\n18 h &#8211;  Messe \u00e0 Voulangis pour Claude BAROT, Iris CUGINI et Georges PICARD.<\/p>\n<p><b>Mercredi 11 janvier<\/b><br \/>\n9 h &#8211; Messe \u00e0 Voulangis pour Madame BOURDON, Colette VALLEE et Laurence  MALAPERT.\n<\/td>\n<\/tr>\n<\/tbody>\n<\/table>\n<table bgcolor =\"F0F6FA\" border=0>\n<tbody>\n<tr>\n<td><font color=\"AE0F40\"><\/p>\n<div align=\"center\">\n<b>Jeudi 12 janvier<\/b><\/p>\n<p>Pas de Messe en Paroisse.<\/p>\n<p><b>Vendredi 13 janvier<\/b><br \/> <br \/>\n<i>Saint Hilaire<\/i><br \/>\n9 h &#8211; Messe \u00e0  Voulangis pour Jeanne CALONNA et Jacques LAVILLAUDY\n<\/div>\n<p><\/font><\/td>\n<td><font color=\"AE0F40\"><\/p>\n<div align=\"center\"><img decoding=\"async\" src=\"\/IMG\/personnes\/hilaire.jpg\" width=200><br \/>\n<i>Saint Hilaire<\/i><\/div>\n<p><\/font><\/td>\n<\/tr>\n<\/tbody>\n<\/table>\n<table bgcolor =\"FFF6F0\" border=0>\n<tbody>\n<tr>\n<td><font color=\"00CC00\"><\/p>\n<div align=\"center\"><img decoding=\"async\" src=\"\/IMG\/personnes\/remy.jpg\" width=200><br \/>Saint R\u00e9my\n<\/div>\n<p><\/font><\/td>\n<td><font color=\"00CC00\"><\/p>\n<div align=\"center\">\n<b>Samedi 14 janvier<\/b><br \/>\n18 h 30 &#8211; Messe \u00e0 Voulangis pour Pierre MAGNIEZ, Nadine FELIX et Michel HOUEL.<\/p>\n<p>\n<b>Dimanche 15 janvier<\/b><br \/> <br \/>\n<i>Saint Remi<\/i><br \/>\n10 h 30 &#8211; Messe \u00e0 Villiers pour Ren\u00e9e HENQUIN et Suzanne LELARD.\n<\/div>\n<p><\/font><\/td>\n<\/tr>\n<\/tbody>\n<\/table>\n<\/div>\n","protected":false},"excerpt":{"rendered":"<p>Voici les annonces de la semaine du lundi 9 au dimanche 15 janvier 2017 pour la paroisse des 3 clochers Cr\u00e9cy-la-Chapelle, Villiers-sur-Morin, Voulangis. Samedi 14 \u00e0\u00a0 18 h 30, messe \u00e0\u00a0 Voulangis, Dimanche 15&#46;&#46;&#46;<\/p>\n","protected":false},"author":2,"featured_media":0,"comment_status":"open","ping_status":"open","sticky":false,"template":"","format":"standard","meta":{"footnotes":""},"categories":[],"tags":[],"class_list":["post-1035","post","type-post","status-publish","format-standard","hentry"],"_links":{"self":[{"href":"http:\/\/www.chapelle-crecy.com\/index.php?rest_route=\/wp\/v2\/posts\/1035","targetHints":{"allow":["GET"]}}],"collection":[{"href":"http:\/\/www.chapelle-crecy.com\/index.php?rest_route=\/wp\/v2\/posts"}],"about":[{"href":"http:\/\/www.chapelle-crecy.com\/index.php?rest_route=\/wp\/v2\/types\/post"}],"author":[{"embeddable":true,"href":"http:\/\/www.chapelle-crecy.com\/index.php?rest_route=\/wp\/v2\/users\/2"}],"replies":[{"embeddable":true,"href":"http:\/\/www.chapelle-crecy.com\/index.php?rest_route=%2Fwp%2Fv2%2Fcomments&post=1035"}],"version-history":[{"count":0,"href":"http:\/\/www.chapelle-crecy.com\/index.php?rest_route=\/wp\/v2\/posts\/1035\/revisions"}],"wp:attachment":[{"href":"http:\/\/www.chapelle-crecy.com\/index.php?rest_route=%2Fwp%2Fv2%2Fmedia&parent=1035"}],"wp:term":[{"taxonomy":"category","embeddable":true,"href":"http:\/\/www.chapelle-crecy.com\/index.php?rest_route=%2Fwp%2Fv2%2Fcategories&post=1035"},{"taxonomy":"post_tag","embeddable":true,"href":"http:\/\/www.chapelle-crecy.com\/index.php?rest_route=%2Fwp%2Fv2%2Ftags&post=1035"}],"curies":[{"name":"wp","href":"https:\/\/api.w.org\/{rel}","templated":true}]}}