{"id":1036,"date":"2017-01-14T13:09:03","date_gmt":"2017-01-14T13:09:03","guid":{"rendered":""},"modified":"-0001-11-30T00:00:00","modified_gmt":"-0001-11-29T22:00:00","slug":"","status":"publish","type":"post","link":"http:\/\/www.chapelle-crecy.com\/?p=1036","title":{"rendered":"Annonces du 16 au 22 janvier 2017"},"content":{"rendered":"<div align=\"justify\">Voici les annonces de la semaine du lundi 16 au dimanche 22 janvier 2017 pour la paroisse des 3 clochers Cr\u00e9cy-la-Chapelle, Villiers-sur-Morin, Voulangis. <\/p>\n<p>Samedi 21 \u00e0\u00a0 18 h 30, messe \u00e0\u00a0 Voulangis, <br \/>\nDimanche 22 \u00e0\u00a0 10 h 30, messe \u00e0\u00a0 Villiers. <\/p>\n<p>Tous les d\u00e9tails dans la suite &#8230;\n<\/p><\/div>\n<div align=\"center\">\n<table bgcolor =\"F0F0F6\" border=0>\n<tbody>\n<td><font color=\"0E0C40\"><\/p>\n<div align=\"center\"><img decoding=\"async\" src=\"\/IMG\/personnes\/antoine.jpg\" width=200><br \/><i>St Antoine<\/i><\/div>\n<p><\/font><\/td>\n<td ><font color=\"0E0C40\"><\/p>\n<div align=\"center\">\n<b>Lundi 16 janvier<\/b><br \/>\n<i>St Fursy<\/i><br \/>\n17 h &#8211; Messe \u00e0 la Maison de Retraite pour Paul WESPRISER<br \/>\n20 h 30 &#8211; R\u00e9union de l&rsquo;Equipe d&rsquo;Animation Pastorale<\/p>\n<p><b>Mardi 17 janvier<\/b><br \/>\n<i>Ste Antoine<\/i><br \/>\nPas de Messe en Paroisse.<\/p>\n<p><b>Mercredi 18 janvier<\/b><br \/>\n9 h &#8211; Messe \u00e0 Voulangis pour Val\u00e9rie SCHULER, Lucien GORRET et Andr\u00e9 CHAMPIN.<br \/>\n14 h &#8211; A Voulangis, obs\u00e8ques de Edith COTTANCEAU n\u00e9e LAUGIER\n<\/td>\n<\/tr>\n<\/tbody>\n<\/table>\n<table bgcolor =\"F0F6FA\" border=0>\n<tbody>\n<tr>\n<td><font color=\"AE0F40\"><\/p>\n<div align=\"center\">\n<b>Jeudi 19 janvier<\/b><\/p>\n<p>18 h &#8211; Messe \u00e0 Voulangis pour Juliette LACOMBE, Suzette TENAGUILLO et Roger DUFAUX.<\/p>\n<p><b>Vendredi 20 janvier<\/b><br \/> <br \/>\n<i>St S\u00e9bastien &#038; St Fabien<\/i><br \/>\n9 h &#8211; Messe \u00e0 Voulangis pour Isabelle DIAQUIN et Pascal DUBUS.\n<\/div>\n<p><\/font><\/td>\n<td><font color=\"AE0F40\"><\/p>\n<div align=\"center\"><img decoding=\"async\" src=\"\/IMG\/personnes\/sebastien.jpg\" width=200><br \/>\n<i>Saint S\u00e9bastien<\/i><\/div>\n<p><\/font><\/td>\n<\/tr>\n<\/tbody>\n<\/table>\n<table bgcolor =\"FFF6F0\" border=0>\n<tbody>\n<tr>\n<td><font color=\"00CC00\"><\/p>\n<div align=\"center\"><img decoding=\"async\" src=\"\/IMG\/personnes\/agnesderome.jpg\" width=200><br \/>Sainte Agn\u00e8s de Rome\n<\/div>\n<p><\/font><\/td>\n<td><font color=\"00CC00\"><\/p>\n<div align=\"center\">\n<b>Samedi 21 janvier<\/b><br \/>\n<i>Ste Agn\u00e8s<\/i><br \/>\n18 h 30 &#8211; Messe \u00e0 Voulangispour les familles JASKOWIAK-GRIFFON. Nous prions aussi pour Maryvonne MATHONNET, et  Michel de COURCEL.<br \/>\nBapt\u00eame de Charles CAZALIS .<\/p>\n<p>\n<b>Dimanche 22 janvier<\/b><br \/> <br \/>\n10 h 30 &#8211; Messe \u00e0 Villiers pour Sabine BATARD et Elina FRANCISCO.\n<\/div>\n<p><\/font><\/td>\n<\/tr>\n<\/tbody>\n<\/table>\n<\/div>\n","protected":false},"excerpt":{"rendered":"<p>Voici les annonces de la semaine du lundi 16 au dimanche 22 janvier 2017 pour la paroisse des 3 clochers Cr\u00e9cy-la-Chapelle, Villiers-sur-Morin, Voulangis. Samedi 21 \u00e0\u00a0 18 h 30, messe \u00e0\u00a0 Voulangis, Dimanche 22&#46;&#46;&#46;<\/p>\n","protected":false},"author":2,"featured_media":0,"comment_status":"open","ping_status":"open","sticky":false,"template":"","format":"standard","meta":{"footnotes":""},"categories":[],"tags":[],"class_list":["post-1036","post","type-post","status-publish","format-standard","hentry"],"_links":{"self":[{"href":"http:\/\/www.chapelle-crecy.com\/index.php?rest_route=\/wp\/v2\/posts\/1036","targetHints":{"allow":["GET"]}}],"collection":[{"href":"http:\/\/www.chapelle-crecy.com\/index.php?rest_route=\/wp\/v2\/posts"}],"about":[{"href":"http:\/\/www.chapelle-crecy.com\/index.php?rest_route=\/wp\/v2\/types\/post"}],"author":[{"embeddable":true,"href":"http:\/\/www.chapelle-crecy.com\/index.php?rest_route=\/wp\/v2\/users\/2"}],"replies":[{"embeddable":true,"href":"http:\/\/www.chapelle-crecy.com\/index.php?rest_route=%2Fwp%2Fv2%2Fcomments&post=1036"}],"version-history":[{"count":0,"href":"http:\/\/www.chapelle-crecy.com\/index.php?rest_route=\/wp\/v2\/posts\/1036\/revisions"}],"wp:attachment":[{"href":"http:\/\/www.chapelle-crecy.com\/index.php?rest_route=%2Fwp%2Fv2%2Fmedia&parent=1036"}],"wp:term":[{"taxonomy":"category","embeddable":true,"href":"http:\/\/www.chapelle-crecy.com\/index.php?rest_route=%2Fwp%2Fv2%2Fcategories&post=1036"},{"taxonomy":"post_tag","embeddable":true,"href":"http:\/\/www.chapelle-crecy.com\/index.php?rest_route=%2Fwp%2Fv2%2Ftags&post=1036"}],"curies":[{"name":"wp","href":"https:\/\/api.w.org\/{rel}","templated":true}]}}