{"id":1037,"date":"2017-01-21T09:44:54","date_gmt":"2017-01-21T09:44:54","guid":{"rendered":""},"modified":"-0001-11-30T00:00:00","modified_gmt":"-0001-11-29T22:00:00","slug":"","status":"publish","type":"post","link":"http:\/\/www.chapelle-crecy.com\/?p=1037","title":{"rendered":"Annonces du 23 au 29 janvier 2017"},"content":{"rendered":"<div align=\"justify\">Voici les annonces de la semaine du lundi 23 au dimanche 29 janvier 2017 pour la paroisse des 3 clochers Cr\u00e9cy-la-Chapelle, Villiers-sur-Morin, Voulangis. <\/p>\n<p>Samedi 28 \u00e0\u00a0 18 h 30, messe \u00e0\u00a0 Voulangis, <br \/>\nDimanche 29 \u00e0\u00a0 10 h 30, messe \u00e0\u00a0 Villiers. <\/p>\n<p>Tous les d\u00e9tails dans la suite &#8230;\n<\/p><\/div>\n<div align=\"center\">\n<table bgcolor =\"F0F0F6\" border=0>\n<tbody>\n<td><font color=\"0E0C40\"><\/p>\n<div align=\"center\"><img decoding=\"async\" src=\"\/IMG\/personnes\/francois_sales.jpg\" width=200><br \/><i>Saint-Fran\u00e7ois de Sales<\/i><\/div>\n<p><\/font><\/td>\n<td ><font color=\"0E0C40\"><\/p>\n<div align=\"center\">\n<b>Lundi 23 janvier<\/b><br \/>\n17 h &#8211; Messe \u00e0 la Maison de Retraite.<\/p>\n<p><b>Mardi 24 janvier<\/b><br \/>\n<i>Saint-Fran\u00e7ois de Sales<\/i><br \/>\n18 h &#8211; Messe \u00e0 Voulangis pour Sophie DIJOUX et C\u00e9cile HUTHSTEINER.<\/p>\n<p><b>Mercredi 25 janvier<\/b><br \/>\n<i>Conversion de St Paul<\/i><br \/>\n9 h &#8211; Messe \u00e0 Voulangis pour  Marie GALLOIS, Christiane PINOTEAU et Serge PHILIPPE.\n<\/td>\n<\/tr>\n<\/tbody>\n<\/table>\n<table bgcolor =\"F0F6FA\" border=0>\n<tbody>\n<tr>\n<td><font color=\"AE0F40\"><\/p>\n<div align=\"center\">\n<b>Jeudi 26 janvier<\/b><br \/> <br \/>\n<i>Sts Timoth\u00e9e et Tite<\/i><br \/>\n18 h &#8211; Messe \u00e0 Voulangis pour Paul WESPRISER et Mich\u00e8le HAESE.<\/p>\n<p><b>Vendredi 27 janvier<\/b><br \/> <br \/>\n<i>Ste Ang\u00e8le de Merici<\/i><br \/>\n9 h &#8211; Messe \u00e0  Voulangis pour  Marianne BENVENUTI, Enzo CARLI  et Yvette VALLEE.\n<\/div>\n<p><\/font><\/td>\n<td><font color=\"AE0F40\"><\/p>\n<div align=\"center\"><img decoding=\"async\" src=\"\/IMG\/personnes\/angela_merici.jpg\" width=200><br \/>\n<i>Ste Ang\u00e8le de Merici<\/i><\/div>\n<p><\/font><\/td>\n<\/tr>\n<\/tbody>\n<\/table>\n<table bgcolor =\"FFF6F0\" border=0>\n<tbody>\n<tr>\n<td><font color=\"00CC00\"><\/p>\n<div align=\"center\"><img decoding=\"async\" src=\"\/IMG\/personnes\/thomas_daquin.jpg\" width=200><br \/>St Thomas d&rsquo;Aquin\n<\/div>\n<p><\/font><\/td>\n<td><font color=\"00CC00\"><\/p>\n<div align=\"center\">\n<b>Samedi 28 janvier<\/b><br \/>\n<i>St Thomas d&rsquo;Aquin<\/i><br \/>\n18 h 30 &#8211; Messe \u00e0 Voulangis pour  Gaby et Pierre BEAUMONT et pour Maurice MEUNIER.<\/p>\n<p>\n<b>Dimanche 29 janvier<\/b><br \/> <br \/>\n10 h 30 &#8211; \u00e0 Villiers  Messe participative avec les enfants de  la Cat\u00e9ch\u00e8se. Elle sera c\u00e9l\u00e9br\u00e9e pour Marc CALONNE et Herv\u00e9 OGET.\n<\/div>\n<p><\/font><\/td>\n<\/tr>\n<\/tbody>\n<\/table>\n<\/div>\n","protected":false},"excerpt":{"rendered":"<p>Voici les annonces de la semaine du lundi 23 au dimanche 29 janvier 2017 pour la paroisse des 3 clochers Cr\u00e9cy-la-Chapelle, Villiers-sur-Morin, Voulangis. Samedi 28 \u00e0\u00a0 18 h 30, messe \u00e0\u00a0 Voulangis, Dimanche 29&#46;&#46;&#46;<\/p>\n","protected":false},"author":2,"featured_media":0,"comment_status":"open","ping_status":"open","sticky":false,"template":"","format":"standard","meta":{"footnotes":""},"categories":[],"tags":[],"class_list":["post-1037","post","type-post","status-publish","format-standard","hentry"],"_links":{"self":[{"href":"http:\/\/www.chapelle-crecy.com\/index.php?rest_route=\/wp\/v2\/posts\/1037","targetHints":{"allow":["GET"]}}],"collection":[{"href":"http:\/\/www.chapelle-crecy.com\/index.php?rest_route=\/wp\/v2\/posts"}],"about":[{"href":"http:\/\/www.chapelle-crecy.com\/index.php?rest_route=\/wp\/v2\/types\/post"}],"author":[{"embeddable":true,"href":"http:\/\/www.chapelle-crecy.com\/index.php?rest_route=\/wp\/v2\/users\/2"}],"replies":[{"embeddable":true,"href":"http:\/\/www.chapelle-crecy.com\/index.php?rest_route=%2Fwp%2Fv2%2Fcomments&post=1037"}],"version-history":[{"count":0,"href":"http:\/\/www.chapelle-crecy.com\/index.php?rest_route=\/wp\/v2\/posts\/1037\/revisions"}],"wp:attachment":[{"href":"http:\/\/www.chapelle-crecy.com\/index.php?rest_route=%2Fwp%2Fv2%2Fmedia&parent=1037"}],"wp:term":[{"taxonomy":"category","embeddable":true,"href":"http:\/\/www.chapelle-crecy.com\/index.php?rest_route=%2Fwp%2Fv2%2Fcategories&post=1037"},{"taxonomy":"post_tag","embeddable":true,"href":"http:\/\/www.chapelle-crecy.com\/index.php?rest_route=%2Fwp%2Fv2%2Ftags&post=1037"}],"curies":[{"name":"wp","href":"https:\/\/api.w.org\/{rel}","templated":true}]}}