{"id":1042,"date":"2017-02-17T20:10:05","date_gmt":"2017-02-17T20:10:05","guid":{"rendered":""},"modified":"-0001-11-30T00:00:00","modified_gmt":"-0001-11-29T22:00:00","slug":"","status":"publish","type":"post","link":"http:\/\/www.chapelle-crecy.com\/?p=1042","title":{"rendered":"Annonces du 20 au 26 f\u00e9vrier 2017"},"content":{"rendered":"<div align=\"justify\">Voici les annonces de la semaine du lundi 20 au 26 f\u00e9vrier 2017 pour la paroisse des 3 clochers Cr\u00e9cy-la-Chapelle, Villiers-sur-Morin, Voulangis. <\/p>\n<p>Samedi 25 \u00e0\u00a0 18 h 30, messe \u00e0\u00a0 Voulangis, <br \/>\nDimanche 26 \u00e0\u00a0 10 h 30, messe \u00e0\u00a0 Villiers. <\/p>\n<p>Tous les d\u00e9tails dans la suite &#8230;\n<\/p><\/div>\n<div align=\"center\">\n<table bgcolor =\"F0F0F6\" border=0>\n<tbody>\n<td><font color=\"0E0C40\"><\/p>\n<div align=\"center\"><img decoding=\"async\" src=\"\/IMG\/personnes\/isabelle.jpg\" width=200><br \/><i>Sainte Isabelle<\/i><\/div>\n<p><\/font><\/td>\n<td ><font color=\"0E0C40\"><\/p>\n<div align=\"center\">\n<b>Lundi 20 f\u00e9vrier<\/b><br \/>\n17 h  &#8211; Messe \u00e0 la Maison de Retraite pour Paul WESPRISEUR.<br \/>\n20 h 30 &#8211;  R\u00e9union de l&rsquo;Equipe d&rsquo;Animation Pastorale.<\/p>\n<p><b>Mardi 21 f\u00e9vrier<\/b><br \/>\n15 h &#8211; Obs\u00e8ques de Gis\u00e8le LAUX \u00e0 la Coll\u00e9giale.<\/p>\n<p><b>Mercredi 22 f\u00e9vrier<\/b><br \/>\n<i>Bienheureuse Isabelle de France<\/i><br \/>\n9 h &#8211; Messe \u00e0 Voulangis pour Jean ROSIER, Val\u00e9rie SCHULER et Odile LOISEL.<br \/>\n<br \/>\n10 h &#8211; A Voulangis, obs\u00e8ques de H\u00e9l\u00e8ne FONTAINE.<\/td>\n<\/tr>\n<\/tbody>\n<\/table>\n<table bgcolor =\"F0F6FA\" border=0>\n<tbody>\n<tr>\n<td><font color=\"AE0F40\"><\/p>\n<div align=\"center\">\n<b>Jeudi 23 f\u00e9vrier<\/b><br \/> <br \/>\n<i>Saint Lazare<\/i><br \/>18 h &#8211; Messe \u00e0 Voulangis pour Yvette VALLEE, Sabine BATARD et Roger DUFAUX .<\/p>\n<p><b>Vendredi 24 f\u00e9vrier<\/b> <\/p>\n<p>9 h &#8211; Messe \u00e0 Voulangis pour C\u00e9cile HUTHSTEINER et Iris CUGINI.\n<\/p><\/div>\n<p><\/font><\/td>\n<td><font color=\"AE0F40\"><\/p>\n<div align=\"center\"><img decoding=\"async\" src=\"\/IMG\/personnes\/lazare.jpg\" width=200><br \/>\n<i>Saint Lazare<\/i><\/div>\n<p><\/font><\/td>\n<\/tr>\n<\/tbody>\n<\/table>\n<table bgcolor =\"FFF6F0\" border=0>\n<tbody>\n<tr>\n<td><font color=\"00CC00\"><\/p>\n<div align=\"center\"><img decoding=\"async\" src=\"\/IMG\/personnes\/alexandre.jpg\" width=200><br \/><i>Saint Alexandre<\/i>\n<\/div>\n<p><\/font><\/td>\n<td><font color=\"00CC00\"><\/p>\n<div align=\"center\">\n<b>Samedi 25 f\u00e9vrier<\/b><br \/>\n17 h &#8211;  A Voulangis, r\u00e9p\u00e9tition communautaire de chants, et  br\u00e8ve pr\u00e9sentation sur le temps de Car\u00eame.<br \/>\n18 h 30 &#8211; Messe \u00e0 Voulangis pour Enzo CARLI, Serge PHILIPPE et Michel HOUEL.<\/p>\n<p><b>Dimanche 26 f\u00e9vrier<\/b><br \/> <br \/>\n<i>Saint Alexandre<\/i><br \/>\n10 h 30 &#8211; Messe \u00e0 Villiers pour pour les membres de la famille ROESER et toutes leurs intentions. Nous prierons \u00e9galement pour Gis\u00e8le LAUX inhum\u00e9e cette semaine.\n<\/div>\n<p><\/font><\/td>\n<\/tr>\n<\/tbody>\n<\/table>\n<\/div>\n","protected":false},"excerpt":{"rendered":"<p>Voici les annonces de la semaine du lundi 20 au 26 f\u00e9vrier 2017 pour la paroisse des 3 clochers Cr\u00e9cy-la-Chapelle, Villiers-sur-Morin, Voulangis. Samedi 25 \u00e0\u00a0 18 h 30, messe \u00e0\u00a0 Voulangis, Dimanche 26 \u00e0\u00a0&#46;&#46;&#46;<\/p>\n","protected":false},"author":2,"featured_media":0,"comment_status":"open","ping_status":"open","sticky":false,"template":"","format":"standard","meta":{"footnotes":""},"categories":[],"tags":[],"class_list":["post-1042","post","type-post","status-publish","format-standard","hentry"],"_links":{"self":[{"href":"http:\/\/www.chapelle-crecy.com\/index.php?rest_route=\/wp\/v2\/posts\/1042","targetHints":{"allow":["GET"]}}],"collection":[{"href":"http:\/\/www.chapelle-crecy.com\/index.php?rest_route=\/wp\/v2\/posts"}],"about":[{"href":"http:\/\/www.chapelle-crecy.com\/index.php?rest_route=\/wp\/v2\/types\/post"}],"author":[{"embeddable":true,"href":"http:\/\/www.chapelle-crecy.com\/index.php?rest_route=\/wp\/v2\/users\/2"}],"replies":[{"embeddable":true,"href":"http:\/\/www.chapelle-crecy.com\/index.php?rest_route=%2Fwp%2Fv2%2Fcomments&post=1042"}],"version-history":[{"count":0,"href":"http:\/\/www.chapelle-crecy.com\/index.php?rest_route=\/wp\/v2\/posts\/1042\/revisions"}],"wp:attachment":[{"href":"http:\/\/www.chapelle-crecy.com\/index.php?rest_route=%2Fwp%2Fv2%2Fmedia&parent=1042"}],"wp:term":[{"taxonomy":"category","embeddable":true,"href":"http:\/\/www.chapelle-crecy.com\/index.php?rest_route=%2Fwp%2Fv2%2Fcategories&post=1042"},{"taxonomy":"post_tag","embeddable":true,"href":"http:\/\/www.chapelle-crecy.com\/index.php?rest_route=%2Fwp%2Fv2%2Ftags&post=1042"}],"curies":[{"name":"wp","href":"https:\/\/api.w.org\/{rel}","templated":true}]}}