{"id":1043,"date":"2017-02-24T23:13:47","date_gmt":"2017-02-24T23:13:47","guid":{"rendered":""},"modified":"-0001-11-30T00:00:00","modified_gmt":"-0001-11-29T22:00:00","slug":"","status":"publish","type":"post","link":"http:\/\/www.chapelle-crecy.com\/?p=1043","title":{"rendered":"Annonces du 27 f\u00e9vrier au 5 mars 2017"},"content":{"rendered":"<div align=\"justify\">Voici les annonces de la semaine du lundi 27 f\u00e9vrier au 5 mars 2017 pour la paroisse des 3 clochers Cr\u00e9cy-la-Chapelle, Villiers-sur-Morin, Voulangis. <\/p>\n<p>Samedi 4 \u00e0\u00a0 18 h 30, messe \u00e0\u00a0 Voulangis, <br \/>\nDimanche 5 \u00e0\u00a0 10 h 30, messe \u00e0\u00a0 Villiers. <\/p>\n<p>Tous les d\u00e9tails dans la suite &#8230;\n<\/p><\/div>\n<div align=\"center\">\n<table bgcolor =\"F0F0F6\" border=0>\n<tbody>\n<td><font color=\"0E0C40\"><\/p>\n<div align=\"center\"><img decoding=\"async\" src=\"\/IMG\/personnes\/honorine.jpg\" width=200><br \/><i>Sainte Honorine<\/i><\/div>\n<p><\/font><\/td>\n<td ><font color=\"0E0C40\"><\/p>\n<div align=\"center\">\n<b>Lundi 27 f\u00e9vrier<\/b><br \/>\n<i>Sainte Honorine<\/i><br \/>\n17 h &#8211; C\u00e9l\u00e9bration \u00e0 la Maison de Retraite.<\/p>\n<p><b>Mardi 28 f\u00e9vrier<\/b><br \/>\n15 h &#8211; Obs\u00e8ques \u00e0 Villiers de Germaine RIGOLLET<br \/>\n18 h &#8211; Messe \u00e0 Voulangis pour Rose-Marie DECOUTTERE,  Marianne BENVENUTI et Jacques LAVILLAUDY.<\/p>\n<p><b>Mercredi 1er mars<\/b><br \/>\n<i>MERCREDI DES CENDRES<\/i><br \/>\n9 h &#8211; Messe \u00e0 Voulangis avec imposition des cendres. Elle sera c\u00e9l\u00e9br\u00e9e  pour  Michel DEDIEU  et Liliane LE GUERN.<br \/>\n20 h 30 &#8211; Messe \u00e0 Villiers, avec imposition de cendres. Elle sera c\u00e9l\u00e9br\u00e9e pour Sophie DIJOUX et Nelly DELORAINE.<\/td>\n<\/tr>\n<\/tbody>\n<\/table>\n<table bgcolor =\"F0F6FA\" border=0>\n<tbody>\n<tr>\n<td><font color=\"AE0F40\"><\/p>\n<div align=\"center\">\n<b>Jeudi 2 mars<\/b><br \/> <br \/>\n18 h &#8211; Messe \u00e0 Voulangis pour Jeannine HUVELIN et Philippe CABARET.<\/p>\n<p><b>Vendredi 3 mars<\/b><br \/> <br \/>\n<i>Saint Gu\u00e9nol\u00e9<\/i><br \/>\n9 h &#8211; Messe \u00e0  Voulangis pour  Val\u00e9rie SCHULER, Roger DUFAUX et Claude BAROT.\n<\/div>\n<p><\/font><\/td>\n<td><font color=\"AE0F40\"><\/p>\n<div align=\"center\"><img decoding=\"async\" src=\"\/IMG\/personnes\/guenole.jpg\" width=200><br \/>\n<i>Saint Gu\u00e9nol\u00e9<\/i><\/div>\n<p><\/font><\/td>\n<\/tr>\n<\/tbody>\n<\/table>\n<table bgcolor =\"FFF6F0\" border=0>\n<tbody>\n<tr>\n<td><font color=\"00CC00\"><\/p>\n<div align=\"center\"><img decoding=\"async\" src=\"\/IMG\/personnes\/virgile.jpg\" width=200><br \/><i>Saint Virgile<\/i>\n<\/div>\n<p><\/font><\/td>\n<td><font color=\"00CC00\"><\/p>\n<div align=\"center\">\n<b>Samedi 4 mars<\/b><br \/>\n18 h 30 &#8211; Messe \u00e0 Voulangis pour Jacqueline MULET, Andr\u00e9 CHAMPIN, et Jean-Claude SIMON suivie de la SOIREE DE L&rsquo;AMITIE, \u00e0 la salle 104, \u00e0 Voulangis.<\/p>\n<p><b>Dimanche 5 mars<\/b><br \/> <br \/>\n<i>Saint Virgile<\/i><bR><br \/>\n10 h 30 &#8211; Messe \u00e0 Villiers pour Mich\u00e8le HAESE, John STEPHENS et Michel HOUEL. Nous prierons aussi pour Germaine RIGOLLET inhum\u00e9e cette semaine.\n<\/div>\n<p><\/font><\/td>\n<\/tr>\n<\/tbody>\n<\/table>\n<\/div>\n","protected":false},"excerpt":{"rendered":"<p>Voici les annonces de la semaine du lundi 27 f\u00e9vrier au 5 mars 2017 pour la paroisse des 3 clochers Cr\u00e9cy-la-Chapelle, Villiers-sur-Morin, Voulangis. Samedi 4 \u00e0\u00a0 18 h 30, messe \u00e0\u00a0 Voulangis, Dimanche 5&#46;&#46;&#46;<\/p>\n","protected":false},"author":2,"featured_media":0,"comment_status":"open","ping_status":"open","sticky":false,"template":"","format":"standard","meta":{"footnotes":""},"categories":[],"tags":[],"class_list":["post-1043","post","type-post","status-publish","format-standard","hentry"],"_links":{"self":[{"href":"http:\/\/www.chapelle-crecy.com\/index.php?rest_route=\/wp\/v2\/posts\/1043","targetHints":{"allow":["GET"]}}],"collection":[{"href":"http:\/\/www.chapelle-crecy.com\/index.php?rest_route=\/wp\/v2\/posts"}],"about":[{"href":"http:\/\/www.chapelle-crecy.com\/index.php?rest_route=\/wp\/v2\/types\/post"}],"author":[{"embeddable":true,"href":"http:\/\/www.chapelle-crecy.com\/index.php?rest_route=\/wp\/v2\/users\/2"}],"replies":[{"embeddable":true,"href":"http:\/\/www.chapelle-crecy.com\/index.php?rest_route=%2Fwp%2Fv2%2Fcomments&post=1043"}],"version-history":[{"count":0,"href":"http:\/\/www.chapelle-crecy.com\/index.php?rest_route=\/wp\/v2\/posts\/1043\/revisions"}],"wp:attachment":[{"href":"http:\/\/www.chapelle-crecy.com\/index.php?rest_route=%2Fwp%2Fv2%2Fmedia&parent=1043"}],"wp:term":[{"taxonomy":"category","embeddable":true,"href":"http:\/\/www.chapelle-crecy.com\/index.php?rest_route=%2Fwp%2Fv2%2Fcategories&post=1043"},{"taxonomy":"post_tag","embeddable":true,"href":"http:\/\/www.chapelle-crecy.com\/index.php?rest_route=%2Fwp%2Fv2%2Ftags&post=1043"}],"curies":[{"name":"wp","href":"https:\/\/api.w.org\/{rel}","templated":true}]}}