{"id":1044,"date":"2017-03-04T18:44:16","date_gmt":"2017-03-04T18:44:16","guid":{"rendered":""},"modified":"-0001-11-30T00:00:00","modified_gmt":"-0001-11-29T22:00:00","slug":"","status":"publish","type":"post","link":"http:\/\/www.chapelle-crecy.com\/?p=1044","title":{"rendered":"Annonces du 6 au 12 mars 2017"},"content":{"rendered":"<div align=\"justify\">Voici les annonces de la semaine du lundi 6 au 12 mars 2017 pour la paroisse des 3 clochers Cr\u00e9cy-la-Chapelle, Villiers-sur-Morin, Voulangis. <\/p>\n<p>Samedi 11 \u00e0\u00a0 18 h 30, messe \u00e0\u00a0 Voulangis, <br \/>\nDimanche 12 \u00e0\u00a0 10 h 30, messe \u00e0\u00a0 Villiers. <\/p>\n<p>Tous les d\u00e9tails dans la suite &#8230;\n<\/p><\/div>\n<div align=\"center\">\n<table bgcolor =\"F0F0F6\" border=0>\n<tbody>\n<td><font color=\"0E0C40\"><\/p>\n<div align=\"center\"><img decoding=\"async\" src=\"\/IMG\/personnes\/colette.jpg\" width=200><br \/><i>Sainte Colette<\/i><\/div>\n<p><\/font><\/td>\n<td ><font color=\"0E0C40\"><\/p>\n<div align=\"center\">\n<b>Lundi 6 mars<\/b><br \/>\n<i>Sainte Colette<\/i><bR><br \/>\n14 h 30 &#8211; R\u00e9union de l&rsquo;Equipe du Rosaire chez Mme LOUIS.<br \/>\n17 h  &#8211; Messe  \u00e0 la Maison de Retraite.<\/p>\n<p><b>Mardi 7 mars<\/b><br \/>\n<i>Stes Perp\u00e9tue et F\u00e9licit\u00e9<\/i><br \/>\n18 h &#8211; Messe \u00e0 Voulangis pour Marie-Louise POUTONNET,  Isabelle DAQUIN et Julien MASSON.<\/p>\n<p><b>Mercredi 8 mars<\/b><br \/>\n<i>St Jean de Dieu<\/i><br \/>\n9 h &#8211; Messe \u00e0 Voulangis pour Nadine FELIX, Christiane PINOTEAU et Serge PHILIPPE.<\/td>\n<\/tr>\n<\/tbody>\n<\/table>\n<table bgcolor =\"F0F6FA\" border=0>\n<tbody>\n<tr>\n<td><font color=\"AE0F40\"><\/p>\n<div align=\"center\">\n<b>Jeudi 9 mars<\/b><br \/> <br \/>\n<i>Ste Fran\u00e7oise Romaine<\/i><br \/>\n18 h &#8211; Messe \u00e0 Voulangis pour Lucienne  BLAVIER et Paul  WESPRISER.<\/p>\n<p><b>Vendredi 10 mars<\/b><br \/> <br \/>\n9 h &#8211; Messe \u00e0  Voulangis pour Sabine BATARD, Elina FRANCISCO et Bernard RICHARD.\n<\/div>\n<p><\/font><\/td>\n<td><font color=\"AE0F40\"><\/p>\n<div align=\"center\"><img decoding=\"async\" src=\"\/IMG\/personnes\/francoiseromaine.jpg\" width=200><br \/>\n<i>Ste Fran\u00e7oise Romaine<\/i><\/div>\n<p><\/font><\/td>\n<\/tr>\n<\/tbody>\n<\/table>\n<table bgcolor =\"FFF6F0\" border=0>\n<tbody>\n<tr>\n<td><font color=\"00CC00\"><\/p>\n<div align=\"center\"><img decoding=\"async\" src=\"\/IMG\/personnes\/rosine.jpg\" width=200><br \/><i>Sainte Rosine<\/i>\n<\/div>\n<p><\/font><\/td>\n<td><font color=\"00CC00\"><\/p>\n<div align=\"center\">\n<b>Samedi 11 mars<\/b><br \/>\n<i>Sainte Rosine<\/i><br \/>\n18 h 30 &#8211; Messe \u00e0 Voulangis pour Germaine RIGOLLET, Laurence MALAPERT et R\u00e9mi GHENIN.<\/p>\n<p><b>Dimanche 12 mars<\/b><br \/> <br \/>\n10 h 30 &#8211; Messe \u00e0 Villiers pour Ren\u00e9e GUIBERT, Fran\u00e7ois de LAUBRIERE et Simon ARBOGAST.\n<\/div>\n<p><\/font><\/td>\n<\/tr>\n<\/tbody>\n<\/table>\n<\/div>\n","protected":false},"excerpt":{"rendered":"<p>Voici les annonces de la semaine du lundi 6 au 12 mars 2017 pour la paroisse des 3 clochers Cr\u00e9cy-la-Chapelle, Villiers-sur-Morin, Voulangis. Samedi 11 \u00e0\u00a0 18 h 30, messe \u00e0\u00a0 Voulangis, Dimanche 12 \u00e0\u00a0&#46;&#46;&#46;<\/p>\n","protected":false},"author":2,"featured_media":0,"comment_status":"open","ping_status":"open","sticky":false,"template":"","format":"standard","meta":{"footnotes":""},"categories":[],"tags":[],"class_list":["post-1044","post","type-post","status-publish","format-standard","hentry"],"_links":{"self":[{"href":"http:\/\/www.chapelle-crecy.com\/index.php?rest_route=\/wp\/v2\/posts\/1044","targetHints":{"allow":["GET"]}}],"collection":[{"href":"http:\/\/www.chapelle-crecy.com\/index.php?rest_route=\/wp\/v2\/posts"}],"about":[{"href":"http:\/\/www.chapelle-crecy.com\/index.php?rest_route=\/wp\/v2\/types\/post"}],"author":[{"embeddable":true,"href":"http:\/\/www.chapelle-crecy.com\/index.php?rest_route=\/wp\/v2\/users\/2"}],"replies":[{"embeddable":true,"href":"http:\/\/www.chapelle-crecy.com\/index.php?rest_route=%2Fwp%2Fv2%2Fcomments&post=1044"}],"version-history":[{"count":0,"href":"http:\/\/www.chapelle-crecy.com\/index.php?rest_route=\/wp\/v2\/posts\/1044\/revisions"}],"wp:attachment":[{"href":"http:\/\/www.chapelle-crecy.com\/index.php?rest_route=%2Fwp%2Fv2%2Fmedia&parent=1044"}],"wp:term":[{"taxonomy":"category","embeddable":true,"href":"http:\/\/www.chapelle-crecy.com\/index.php?rest_route=%2Fwp%2Fv2%2Fcategories&post=1044"},{"taxonomy":"post_tag","embeddable":true,"href":"http:\/\/www.chapelle-crecy.com\/index.php?rest_route=%2Fwp%2Fv2%2Ftags&post=1044"}],"curies":[{"name":"wp","href":"https:\/\/api.w.org\/{rel}","templated":true}]}}