{"id":1046,"date":"2017-03-17T20:33:44","date_gmt":"2017-03-17T20:33:44","guid":{"rendered":""},"modified":"-0001-11-30T00:00:00","modified_gmt":"-0001-11-29T22:00:00","slug":"","status":"publish","type":"post","link":"http:\/\/www.chapelle-crecy.com\/?p=1046","title":{"rendered":"Annonces du 20 au 26 mars 2017"},"content":{"rendered":"<div align=\"justify\">Voici les annonces de la semaine du lundi 20 au 26 mars 2017 pour la paroisse des 3 clochers Cr\u00e9cy-la-Chapelle, Villiers-sur-Morin, Voulangis. <\/p>\n<p>Samedi 25 \u00e0\u00a0 18 h 30, messe \u00e0\u00a0 Voulangis, <br \/>\nDimanche 26 \u00e0\u00a0 10 h 30, messe \u00e0\u00a0 Villiers. <\/p>\n<p>Tous les d\u00e9tails dans la suite &#8230;\n<\/p><\/div>\n<div align=\"center\">\n<table bgcolor =\"F0F0F6\" border=0>\n<tbody>\n<td><font color=\"0E0C40\"><\/p>\n<div align=\"center\"><img decoding=\"async\" src=\"\/IMG\/personnes\/lea.jpg\" width=200><br \/><i>Ste L\u00e9a<\/i><\/div>\n<p><\/font><\/td>\n<td ><font color=\"0E0C40\"><\/p>\n<div align=\"center\">\n<b>Lundi 20 mars<\/b><br \/>\n17 h &#8211; Messe \u00e0 la Maison de Retraite pour Odile LOISIEL.<\/p>\n<p><b>Mardi 21 mars<\/b><br \/>\nPas de Messe en paroisse.<\/p>\n<p><b>Mercredi 22 mars<\/b><br \/>\n<i>Sainte L\u00e9a<\/i><br \/>\n9 h &#8211; Messe \u00e0 Voulangis pour Yvette VALLEE, Enzo CARLI et Damiano CAVALIERE.<\/td>\n<\/tr>\n<\/tbody>\n<\/table>\n<table bgcolor =\"F0F6FA\" border=0>\n<tbody>\n<tr>\n<td><font color=\"AE0F40\"><\/p>\n<div align=\"center\">\n<b>Jeudi 23 mars<\/b><br \/> <br \/>\n18 h &#8211; Messe \u00e0 Voulangis pour Marie GALLOIS, C\u00e9cile HUTHSTEINER et Bernard GOURBAUD.<\/p>\n<p><b>Vendredi 24 mars<\/b><br \/> <br \/>\n<i>Sainte Catherine de Su\u00e8de<\/i><br \/>\n9 h &#8211; Messe \u00e0 Voulangis pour Michel HOUEL et Nadine FELIX.<br \/>\n15 h &#8211; A Voulangis, obs\u00e8ques de Colette NOURY n\u00e9e DUCHESNE\n<\/div>\n<p><\/font><\/td>\n<td><font color=\"AE0F40\"><\/p>\n<div align=\"center\"><img decoding=\"async\" src=\"\/IMG\/personnes\/catherine_suede.jpg\" width=200><br \/>\n<i>Ste Catherine de Su\u00e8de<\/i><\/div>\n<p><\/font><\/td>\n<\/tr>\n<\/tbody>\n<\/table>\n<table bgcolor =\"FFF6F0\" border=0>\n<tbody>\n<tr>\n<td><font color=\"00CC00\"><\/p>\n<div align=\"center\"><img decoding=\"async\" src=\"\/IMG\/personnes\/annonciation.jpg\" width=200><br \/><i>L&rsquo;annonciation<\/i>\n<\/div>\n<p><\/font><\/td>\n<td><font color=\"00CC00\"><\/p>\n<div align=\"center\">\n<b>Samedi 25 mars<\/b><br \/>\n<i>SOLENNITE DE L&rsquo;ANNONCIATION<\/i><br \/>\n18 h 30 &#8211;  Messe \u00e0 Voulangis pour Jjacqueline MULET, Laurence MALAPERT et Janine LHARIDDON.<\/p>\n<p><b>Dimanche 26 mars<\/b><br \/> <br \/>\n10 h 30 &#8211; A Villiers, messe participative avec les enfants du cat\u00e9chisme.  Elle sera c\u00e9l\u00e9br\u00e9e pour Lucien GORRET, Pierre MAGNIER et Jacques GIROD.<\/p>\n<p><b>Les 24 heures du Pardon : \u00e0 l&rsquo;\u00e9glise St Jean Bosco : <br \/>de samedi 25  \u00e0 8 h au dimanche 26 \u00e0 8 h<\/b><\/p>\n<p>Ce samedi 25 et dimanche 26 : dans  le cadre de la qu\u00eate sp\u00e9ciale pour la construction de  nouvelles \u00e9glises, une collecte sera faite pour participer \u00e0 la construction de  l&rsquo;\u00e9glise-sanctuaire Sainte Bathilde de Chelles.<\/p>\n<p>12 h &#8211; Repas de P\u00f4le \u00e0 la salle J. Litzer \u00e0 Esbly<\/p>\n<\/div>\n<p><\/font><\/td>\n<\/tr>\n<\/tbody>\n<\/table>\n<\/div>\n","protected":false},"excerpt":{"rendered":"<p>Voici les annonces de la semaine du lundi 20 au 26 mars 2017 pour la paroisse des 3 clochers Cr\u00e9cy-la-Chapelle, Villiers-sur-Morin, Voulangis. Samedi 25 \u00e0\u00a0 18 h 30, messe \u00e0\u00a0 Voulangis, Dimanche 26 \u00e0\u00a0&#46;&#46;&#46;<\/p>\n","protected":false},"author":2,"featured_media":0,"comment_status":"open","ping_status":"open","sticky":false,"template":"","format":"standard","meta":{"footnotes":""},"categories":[],"tags":[],"class_list":["post-1046","post","type-post","status-publish","format-standard","hentry"],"_links":{"self":[{"href":"http:\/\/www.chapelle-crecy.com\/index.php?rest_route=\/wp\/v2\/posts\/1046","targetHints":{"allow":["GET"]}}],"collection":[{"href":"http:\/\/www.chapelle-crecy.com\/index.php?rest_route=\/wp\/v2\/posts"}],"about":[{"href":"http:\/\/www.chapelle-crecy.com\/index.php?rest_route=\/wp\/v2\/types\/post"}],"author":[{"embeddable":true,"href":"http:\/\/www.chapelle-crecy.com\/index.php?rest_route=\/wp\/v2\/users\/2"}],"replies":[{"embeddable":true,"href":"http:\/\/www.chapelle-crecy.com\/index.php?rest_route=%2Fwp%2Fv2%2Fcomments&post=1046"}],"version-history":[{"count":0,"href":"http:\/\/www.chapelle-crecy.com\/index.php?rest_route=\/wp\/v2\/posts\/1046\/revisions"}],"wp:attachment":[{"href":"http:\/\/www.chapelle-crecy.com\/index.php?rest_route=%2Fwp%2Fv2%2Fmedia&parent=1046"}],"wp:term":[{"taxonomy":"category","embeddable":true,"href":"http:\/\/www.chapelle-crecy.com\/index.php?rest_route=%2Fwp%2Fv2%2Fcategories&post=1046"},{"taxonomy":"post_tag","embeddable":true,"href":"http:\/\/www.chapelle-crecy.com\/index.php?rest_route=%2Fwp%2Fv2%2Ftags&post=1046"}],"curies":[{"name":"wp","href":"https:\/\/api.w.org\/{rel}","templated":true}]}}