{"id":1047,"date":"2017-03-25T13:32:36","date_gmt":"2017-03-25T13:32:36","guid":{"rendered":""},"modified":"-0001-11-30T00:00:00","modified_gmt":"-0001-11-29T22:00:00","slug":"","status":"publish","type":"post","link":"http:\/\/www.chapelle-crecy.com\/?p=1047","title":{"rendered":"Annonces du 27 mars au 2 avril 2017"},"content":{"rendered":"<div align=\"justify\">Voici les annonces de la semaine du lundi 27 mars au 2 avril 2017 pour la paroisse des 3 clochers Cr\u00e9cy-la-Chapelle, Villiers-sur-Morin, Voulangis. <\/p>\n<p>Samedi 1er avril \u00e0\u00a0 18 h 30, messe \u00e0\u00a0 Voulangis, <br \/>\nDimanche 2 avril \u00e0\u00a0 10 h 30, messe \u00e0\u00a0 Villiers. <\/p>\n<p>Tous les d\u00e9tails dans la suite &#8230;\n<\/p><\/div>\n<div align=\"center\">\n<table bgcolor =\"F0F0F6\" border=0>\n<tbody>\n<td><font color=\"0E0C40\"><\/p>\n<div align=\"center\"><img decoding=\"async\" src=\"\/IMG\/personnes\/gontran.jpg\" ><br \/><i>Saint Gontran<\/i><\/div>\n<p><\/font><\/td>\n<td ><font color=\"0E0C40\"><\/p>\n<div align=\"center\">\n<b>Lundi 27 mars<\/b><br \/>\n17 h &#8211; C\u00e9l\u00e9bration \u00e0 la Maison de Retraite.<\/p>\n<p><b>Mardi 28 mars<\/b><br \/>\n<i>Saint Gontran<\/i><br \/>\n18 h &#8211; Messe \u00e0 Voulangis  pour H\u00e9l\u00e8ne FONTAINE et Jacques LAVILLAUDY.<\/p>\n<p><b>Mercredi 29 mars<\/b><br \/>\n9 h &#8211; Messe \u00e0 Voulangis pour Gis\u00e8le LAUX et Nelly DELORAINE.<\/td>\n<\/tr>\n<\/tbody>\n<\/table>\n<table bgcolor =\"F0F6FA\" border=0>\n<tbody>\n<tr>\n<td><font color=\"AE0F40\"><\/p>\n<div align=\"center\">\n<b>Jeudi 30 mars<\/b><br \/> <br \/>\n<i>Saint Am\u00e9d\u00e9e<\/i><br \/>\n18 h &#8211; Messe \u00e0 Voulangis pour Rose-Marie DECOUTTERE et Iris CUGINI.<\/p>\n<p><b>Vendredi 31 mars<\/b><br \/> <br \/>\n9 h &#8211; Messe \u00e0  Voulangis  pour Sophie DIJOUX et Jean-Claude SIMON.<br \/> <br \/>\n20 h &#8211; SOUPE DE CAREME au local du Secours Catholique en pr\u00e9sence de notre Cur\u00e9 de P\u00f4le, le P\u00e8re Thierry, pour un partage sur la parabole du Bon Samaritain.\n<\/div>\n<p><\/font><\/td>\n<td><font color=\"AE0F40\"><\/p>\n<div align=\"center\"><img decoding=\"async\" src=\"\/IMG\/personnes\/amedee.jpg\" width=200><br \/>\n<i>St Am\u00e9d\u00e9e<\/i><\/div>\n<p><\/font><\/td>\n<\/tr>\n<\/tbody>\n<\/table>\n<table bgcolor =\"FFF6F0\" border=0>\n<tbody>\n<tr>\n<td><font color=\"00CC00\"><\/p>\n<div align=\"center\"><img decoding=\"async\" src=\"\/IMG\/personnes\/hugues_bruno.jpg\" width=200><br \/><i>Saints Hugues et Bruno<\/i>\n<\/div>\n<p><\/font><\/td>\n<td><font color=\"00CC00\"><\/p>\n<div align=\"center\">\n<b>Samedi 1er avril<\/b><br \/>\n<i>Saints Hugues et Bruno<\/i><br \/>\n18 h 30 &#8211;  Messe \u00e0 Voulangis pour Gaby BEAUMONT et Maryvonne MATHONNET.<\/p>\n<p><b>Dimanche 2 avril<\/b><br \/> <br \/>\n10 h 30 &#8211; Messe \u00e0 Villiers  pour Mich\u00e8le HAESE, Fran\u00e7ois de LAUBRIERE  et Philippe CABARET.\n<\/div>\n<p><\/font><\/td>\n<\/tr>\n<\/tbody>\n<\/table>\n<\/div>\n","protected":false},"excerpt":{"rendered":"<p>Voici les annonces de la semaine du lundi 27 mars au 2 avril 2017 pour la paroisse des 3 clochers Cr\u00e9cy-la-Chapelle, Villiers-sur-Morin, Voulangis. Samedi 1er avril \u00e0\u00a0 18 h 30, messe \u00e0\u00a0 Voulangis, Dimanche&#46;&#46;&#46;<\/p>\n","protected":false},"author":2,"featured_media":0,"comment_status":"open","ping_status":"open","sticky":false,"template":"","format":"standard","meta":{"footnotes":""},"categories":[],"tags":[],"class_list":["post-1047","post","type-post","status-publish","format-standard","hentry"],"_links":{"self":[{"href":"http:\/\/www.chapelle-crecy.com\/index.php?rest_route=\/wp\/v2\/posts\/1047","targetHints":{"allow":["GET"]}}],"collection":[{"href":"http:\/\/www.chapelle-crecy.com\/index.php?rest_route=\/wp\/v2\/posts"}],"about":[{"href":"http:\/\/www.chapelle-crecy.com\/index.php?rest_route=\/wp\/v2\/types\/post"}],"author":[{"embeddable":true,"href":"http:\/\/www.chapelle-crecy.com\/index.php?rest_route=\/wp\/v2\/users\/2"}],"replies":[{"embeddable":true,"href":"http:\/\/www.chapelle-crecy.com\/index.php?rest_route=%2Fwp%2Fv2%2Fcomments&post=1047"}],"version-history":[{"count":0,"href":"http:\/\/www.chapelle-crecy.com\/index.php?rest_route=\/wp\/v2\/posts\/1047\/revisions"}],"wp:attachment":[{"href":"http:\/\/www.chapelle-crecy.com\/index.php?rest_route=%2Fwp%2Fv2%2Fmedia&parent=1047"}],"wp:term":[{"taxonomy":"category","embeddable":true,"href":"http:\/\/www.chapelle-crecy.com\/index.php?rest_route=%2Fwp%2Fv2%2Fcategories&post=1047"},{"taxonomy":"post_tag","embeddable":true,"href":"http:\/\/www.chapelle-crecy.com\/index.php?rest_route=%2Fwp%2Fv2%2Ftags&post=1047"}],"curies":[{"name":"wp","href":"https:\/\/api.w.org\/{rel}","templated":true}]}}