{"id":1048,"date":"2017-03-31T22:24:26","date_gmt":"2017-03-31T22:24:26","guid":{"rendered":""},"modified":"-0001-11-30T00:00:00","modified_gmt":"-0001-11-29T22:00:00","slug":"","status":"publish","type":"post","link":"http:\/\/www.chapelle-crecy.com\/?p=1048","title":{"rendered":"Annonces du 3 au 9 avril 2017"},"content":{"rendered":"<div align=\"justify\">Voici les annonces de la semaine du lundi 3 au 9 avril 2017 pour la paroisse des 3 clochers Cr\u00e9cy-la-Chapelle, Villiers-sur-Morin, Voulangis. <\/p>\n<p>Samedi 8 avril \u00e0\u00a0 18 h 30, messe \u00e0\u00a0 Voulangis, <br \/>\nDimanche 9 avril \u00e0\u00a0 10 h 30, messe \u00e0\u00a0 Villiers. <\/p>\n<p>Tous les d\u00e9tails dans la suite &#8230;\n<\/p><\/div>\n<div align=\"center\">\n<table bgcolor =\"F0F0F6\" border=0>\n<tbody>\n<td><font color=\"0E0C40\"><\/p>\n<div align=\"center\"><img decoding=\"async\" src=\"\/IMG\/personnes\/irene.jpg\" ><br \/><i>Sainte Ir\u00e8ne<\/i><\/div>\n<p><\/font><\/td>\n<td ><font color=\"0E0C40\"><\/p>\n<div align=\"center\">\n<b>Lundi 3 avril<\/b><br \/>\n17 h &#8211; Messe \u00e0 la Maison de Retraite.<\/p>\n<p><b>Mardi 4 avril<\/b><br \/>\n<i>Saint Isidore<\/i><br \/>\n18 h &#8211; Messe \u00e0 Voulangis pour Marie-Louise POUTONNET et Roger DUFAUX.<\/p>\n<p><b>Mercredi 5 avril<\/b><br \/>\n<i>Sainte Ir\u00e8ne<\/i><\/br><br \/>\n9 h &#8211; Messe \u00e0 Voulangis pour Marc CALONNE, Val\u00e9rie SCHULER et Collette NOURY.<\/td>\n<\/tr>\n<\/tbody>\n<\/table>\n<table bgcolor =\"F0F6FA\" border=0>\n<tbody>\n<tr>\n<td><font color=\"AE0F40\"><\/p>\n<div align=\"center\">\n<b>Jeudi 6 avril<\/b><br \/> <br \/>\n20h 30 &#8211; C\u00e9l\u00e9bration P\u00e9nitentielle communautaire \u00e0 Voulangis, avec confession individuelle.<\/p>\n<p><b>Vendredi 7 avril<\/b><br \/> <br \/>\n<i>St Jean-Baptiste de la Salle   <\/i><br \/>\n9 h &#8211; Messe \u00e0  Voulangis pour Elisa FRANCISCO et Simon ARBOGAST.<\/div>\n<p><\/font><\/td>\n<td><font color=\"AE0F40\"><\/p>\n<div align=\"center\"><img decoding=\"async\" src=\"\/IMG\/personnes\/jean-baptiste-de-la-salle.jpg\" width=200><br \/>\n<i>St Jean-Baptiste de la Salle<\/i><\/div>\n<p><\/font><\/td>\n<\/tr>\n<\/tbody>\n<\/table>\n<table bgcolor =\"FFF6F0\" border=0>\n<tbody>\n<tr>\n<td><font color=\"00CC00\"><\/p>\n<div align=\"center\"><img decoding=\"async\" src=\"\/IMG\/jpg\/rameaux.jpg\" width=300>\n<\/div>\n<p><\/font><\/td>\n<td><font color=\"00CC00\"><\/p>\n<div align=\"center\">\n<b>Samedi 8 avril<\/b><br \/>\n18 h 30 &#8211;  Messe \u00e0 Voulangis &#8211; Messe anticip\u00e9e des RAMEAUX. Elle sera c\u00e9l\u00e9br\u00e9e pour  Odile LOISEL et Andr\u00e9 CHAMPIN.<\/p>\n<p><b>Dimanche 9 avril<\/b><br \/> <br \/>\n10 h &#8211; B\u00e9n\u00e9diction du Calvaire \u00e0 Villiers, suivie de la procession des Rameaux.<br \/>\n10 h 30  &#8211; Messe des RAMEAUX ET DE LA PASSION \u00e0 Villiers.<br \/>\nElle sera c\u00e9l\u00e9br\u00e9e pour Pierre BEAUMONT et Ren\u00e9e MISCHEL.\n<\/div>\n<p><\/font><\/td>\n<\/tr>\n<\/tbody>\n<\/table>\n<\/div>\n","protected":false},"excerpt":{"rendered":"<p>Voici les annonces de la semaine du lundi 3 au 9 avril 2017 pour la paroisse des 3 clochers Cr\u00e9cy-la-Chapelle, Villiers-sur-Morin, Voulangis. Samedi 8 avril \u00e0\u00a0 18 h 30, messe \u00e0\u00a0 Voulangis, Dimanche 9&#46;&#46;&#46;<\/p>\n","protected":false},"author":2,"featured_media":0,"comment_status":"open","ping_status":"open","sticky":false,"template":"","format":"standard","meta":{"footnotes":""},"categories":[],"tags":[],"class_list":["post-1048","post","type-post","status-publish","format-standard","hentry"],"_links":{"self":[{"href":"http:\/\/www.chapelle-crecy.com\/index.php?rest_route=\/wp\/v2\/posts\/1048","targetHints":{"allow":["GET"]}}],"collection":[{"href":"http:\/\/www.chapelle-crecy.com\/index.php?rest_route=\/wp\/v2\/posts"}],"about":[{"href":"http:\/\/www.chapelle-crecy.com\/index.php?rest_route=\/wp\/v2\/types\/post"}],"author":[{"embeddable":true,"href":"http:\/\/www.chapelle-crecy.com\/index.php?rest_route=\/wp\/v2\/users\/2"}],"replies":[{"embeddable":true,"href":"http:\/\/www.chapelle-crecy.com\/index.php?rest_route=%2Fwp%2Fv2%2Fcomments&post=1048"}],"version-history":[{"count":0,"href":"http:\/\/www.chapelle-crecy.com\/index.php?rest_route=\/wp\/v2\/posts\/1048\/revisions"}],"wp:attachment":[{"href":"http:\/\/www.chapelle-crecy.com\/index.php?rest_route=%2Fwp%2Fv2%2Fmedia&parent=1048"}],"wp:term":[{"taxonomy":"category","embeddable":true,"href":"http:\/\/www.chapelle-crecy.com\/index.php?rest_route=%2Fwp%2Fv2%2Fcategories&post=1048"},{"taxonomy":"post_tag","embeddable":true,"href":"http:\/\/www.chapelle-crecy.com\/index.php?rest_route=%2Fwp%2Fv2%2Ftags&post=1048"}],"curies":[{"name":"wp","href":"https:\/\/api.w.org\/{rel}","templated":true}]}}