{"id":1049,"date":"2017-04-07T21:24:14","date_gmt":"2017-04-07T21:24:14","guid":{"rendered":""},"modified":"-0001-11-30T00:00:00","modified_gmt":"-0001-11-29T22:00:00","slug":"","status":"publish","type":"post","link":"http:\/\/www.chapelle-crecy.com\/?p=1049","title":{"rendered":"Annonces du 10 au 16 avril 2017"},"content":{"rendered":"<div align=\"justify\">Voici les annonces de la semaine sainte, du lundi 10 au 16 avril 2017 pour la paroisse des 3 clochers Cr\u00e9cy-la-Chapelle, Villiers-sur-Morin, Voulangis. <\/p>\n<p>Jeudi saint : 20h \u00e0\u00a0 Villiers,<br \/>\nVendredi saint : 20 h 30 \u00e0\u00a0 Voulangis<bR><br \/>\nSamedi 15 avril \u00e0\u00a0 21h, Vigiles pascale \u00e0\u00a0 Voulangis, <br \/>\nDimanche 16 avril \u00e0\u00a0 10 h 30, messe de P\u00e2ques \u00e0\u00a0 Villiers. <\/p>\n<p>Tous les d\u00e9tails dans la suite &#8230;\n<\/p><\/div>\n<div align=\"center\">\n<table bgcolor =\"F0F0F6\" border=0>\n<tbody>\n<td><font color=\"0E0C40\"><\/p>\n<div align=\"center\"><img decoding=\"async\" src=\"\/IMG\/jpg\/jeudi_saint.jpg\" width=250><\/div>\n<p><\/font><\/td>\n<td ><font color=\"0E0C40\"><\/p>\n<div align=\"center\">\n<b>Lundi 10 avril<\/b><br \/>\n17 h &#8211; Messe des Rameaux \u00e0 la Maison de Retraite.<\/p>\n<p><b>Mardi 11 avril<\/b><br \/>\n18 h &#8211; Messe \u00e0 Voulangis pour Jean ROSIER et Isabelle DAQUIN.<\/p>\n<p><b>Mercredi Saint 12 avril<\/b><br \/>\n20 h &#8211;  Messe Chrismale \u00e0 la Cath\u00e9drale de Meaux.<\/td>\n<\/tr>\n<\/tbody>\n<\/table>\n<table bgcolor =\"F0F6FA\" border=0>\n<tbody>\n<tr>\n<td><font color=\"AE0F40\"><\/p>\n<div align=\"center\">\n<b>Jeudi Saint 13 avril<\/b><br \/> <br \/>\n20 h &#8211; \u00e0 Villiers &#8211; C\u00e9l\u00e9bration de la Sainte C\u00e8ne.<\/p>\n<p><b>Vendredi Saint 14 avril<\/b><br \/> <br \/>\n11 h &#8211; Chemin de Croix \u00e0 Voulangis<br \/>\n17 h &#8211;  Chemin de Croix \u00e0 Villiers<br \/>\n20 h 30  &#8211; \u00e0 Voulangis &#8211; C\u00e9l\u00e9bration  de la Passion du Seigneur.<\/div>\n<p><\/font><\/td>\n<td><font color=\"AE0F40\"><\/p>\n<div align=\"center\"><img decoding=\"async\" src=\"\/IMG\/jpg\/DSC04263.jpg\" width=250><\/div>\n<p><\/font><\/td>\n<\/tr>\n<\/tbody>\n<\/table>\n<table bgcolor =\"FFF6F0\" border=0>\n<tbody>\n<tr>\n<td><font color=\"00CC00\"><\/p>\n<div align=\"center\"><img decoding=\"async\" src=\"\/IMG\/jpg\/feu2.jpg\" width=250>\n<\/div>\n<p><\/font><\/td>\n<td><font color=\"00CC00\"><\/p>\n<div align=\"center\">\n<b>Samedi 15 avril<\/b><br \/>\n21 h &#8211; A Voulangis  &#8211; C\u00e9l\u00e9bration de la Vigile Pascale.<br \/>\nBapt\u00eame de Christine GALLOT.<\/p>\n<p><b>Dimanche 15 avril<\/b><br \/> <br \/>\n10 h 30 &#8211; A Villiers &#8211; Messe du Jour de P\u00e2ques.\n<\/div>\n<p><\/font><\/td>\n<\/tr>\n<\/tbody>\n<\/table>\n<\/div>\n","protected":false},"excerpt":{"rendered":"<p>Voici les annonces de la semaine sainte, du lundi 10 au 16 avril 2017 pour la paroisse des 3 clochers Cr\u00e9cy-la-Chapelle, Villiers-sur-Morin, Voulangis. Jeudi saint : 20h \u00e0\u00a0 Villiers, Vendredi saint : 20 h&#46;&#46;&#46;<\/p>\n","protected":false},"author":2,"featured_media":0,"comment_status":"open","ping_status":"open","sticky":false,"template":"","format":"standard","meta":{"footnotes":""},"categories":[],"tags":[],"class_list":["post-1049","post","type-post","status-publish","format-standard","hentry"],"_links":{"self":[{"href":"http:\/\/www.chapelle-crecy.com\/index.php?rest_route=\/wp\/v2\/posts\/1049","targetHints":{"allow":["GET"]}}],"collection":[{"href":"http:\/\/www.chapelle-crecy.com\/index.php?rest_route=\/wp\/v2\/posts"}],"about":[{"href":"http:\/\/www.chapelle-crecy.com\/index.php?rest_route=\/wp\/v2\/types\/post"}],"author":[{"embeddable":true,"href":"http:\/\/www.chapelle-crecy.com\/index.php?rest_route=\/wp\/v2\/users\/2"}],"replies":[{"embeddable":true,"href":"http:\/\/www.chapelle-crecy.com\/index.php?rest_route=%2Fwp%2Fv2%2Fcomments&post=1049"}],"version-history":[{"count":0,"href":"http:\/\/www.chapelle-crecy.com\/index.php?rest_route=\/wp\/v2\/posts\/1049\/revisions"}],"wp:attachment":[{"href":"http:\/\/www.chapelle-crecy.com\/index.php?rest_route=%2Fwp%2Fv2%2Fmedia&parent=1049"}],"wp:term":[{"taxonomy":"category","embeddable":true,"href":"http:\/\/www.chapelle-crecy.com\/index.php?rest_route=%2Fwp%2Fv2%2Fcategories&post=1049"},{"taxonomy":"post_tag","embeddable":true,"href":"http:\/\/www.chapelle-crecy.com\/index.php?rest_route=%2Fwp%2Fv2%2Ftags&post=1049"}],"curies":[{"name":"wp","href":"https:\/\/api.w.org\/{rel}","templated":true}]}}