{"id":105,"date":"2010-10-28T21:00:00","date_gmt":"2010-10-28T21:00:00","guid":{"rendered":""},"modified":"-0001-11-30T00:00:00","modified_gmt":"-0001-11-29T22:00:00","slug":"","status":"publish","type":"post","link":"http:\/\/www.chapelle-crecy.com\/?p=105","title":{"rendered":"Pr\u00e9paration au mariage"},"content":{"rendered":"<div align=\"justify\">L&rsquo;Eglise est au service des fianc\u00e9s pour les aider \u00e0\u00a0 pr\u00e9parer leur vie de foyer en trouvant le sens chr\u00e9tien de leur d\u00e9marche. Le plus souvent, un an  avant le mariage, les fianc\u00e9s viennent au presbyt\u00e8re pour retenir la date de leur mariage. Ils sont alors mis en contact avec l&rsquo;\u00e9quipe de pr\u00e9paration au mariage compos\u00e9e de 2 couples Sophie et Franck Barbier et Fanny et Andr\u00e9 Pessik :<\/div>\n<table bgcolor =\"F0FAFF\" border=0>\n<tbody>\n<tr>\n<td>\n<div align=\"justify\">Coordonn\u00e9es :<br \/>\n &#8211; Sophie et Franck Barbier:<br \/>\n * T\u00e9l : 01.60.25.62.04<br \/>\n * Port: 06.10.97.03.38<br \/>\n &#8211; Fanny et Andr\u00e9 Pessik:<br \/>\n * Port: 06.83.51.99.21<\/p>\n<div align=\"center\"><img decoding=\"async\" src=\"\/IMG\/jpg\/preparation-au-mariage.jpg\" width=450><\/div>\n<p> Cette pr\u00e9paration au mariage se d\u00e9roule de la fa\u00e7on suivante :<\/p>\n<p> -Une session de deux rencontres,  avec d&rsquo;autres couples de fianc\u00e9s, un vendredi soir g\u00e9n\u00e9ralement.<br \/>\n Ces rencontres sont un temps pris par les futurs mari\u00e9s pour aborder des sujets auxquels ils avaient certainement pens\u00e9 ou pas du tout. Mais,  pour lesquels ils peuvent alors se donner le  temps de les approfondir en couple, l&rsquo;occasion de se reparler de th\u00e8mes essentiels avant de se dire \u00ab oui \u00bb devant Dieu.<br \/>\n Se marier en Eglise donne \u00e0 l&rsquo;engagement de deux \u00eatres une dimension toute particuli\u00e8re : un acte libre de prendre le chemin de Dieu, l&rsquo;occasion de rendre visible l&rsquo;Invisible. Comment cela se peut-il ?<br \/>\n En se disant  \u00ab OUI \u00bb devant Dieu et les hommes, deux personnes choisissent de \u00ab faire don \u00e0 l&rsquo;autre \u00bb de tout ce qui le ou la constitue. Se dire \u00ab OUI \u00bb devant Dieu et la communaut\u00e9 des hommes met le don de soi au coeur de cette alliance avec l&rsquo;autre et sous le regard de Dieu. Se faisant, le couple permet \u00e0 l&rsquo;Amour, au don absolu et librement consenti de soi, de manifester au grand jour tout son \u00e9clat.<br \/>\n Se marier en Eglise manifeste la capacit\u00e9 de l&rsquo;homme \u00e0 aimer dans ce don \u00e0 l&rsquo;autre. Et puisque cette d\u00e9claration se fait sous le regard de Dieu, ce don rejaillit sur tous.<br \/>\nAlors, s&rsquo;accorder un petit temps \u00e0 deux pour accorder sur une vie \u00e0 deux,  pour se sup-porter  (\u00ab supporter \u00bb au sens anglo saxon) l&rsquo;un l&rsquo;autre, c&rsquo;est d\u00e9j\u00e0 le premier don indispensable que deux personnes acceptent de faire. <\/p>\n<p> -Une rencontre avec un couple animateur ;<\/p>\n<p> -Des rencontres avec le pr\u00eatre de la paroisse<\/p>\n<p> Apr\u00e8s votre mariage, n&rsquo;h\u00e9sitez pas \u00e0 rejoindre diff\u00e9rents groupes et mouvements (Vivre et aimer, Equipes Notre-Dame, etc.) pour vous aider \u00e0 fortifier votre vie conjugale.\n<\/p><\/div>\n<\/td>\n<\/tr>\n<\/tbody>\n<\/table>\n","protected":false},"excerpt":{"rendered":"<p>L&rsquo;Eglise est au service des fianc\u00e9s pour les aider \u00e0\u00a0 pr\u00e9parer leur vie de foyer en trouvant le sens chr\u00e9tien de leur d\u00e9marche. Le plus souvent, un an avant le mariage, les fianc\u00e9s viennent&#46;&#46;&#46;<\/p>\n","protected":false},"author":2,"featured_media":0,"comment_status":"open","ping_status":"open","sticky":false,"template":"","format":"standard","meta":{"footnotes":""},"categories":[],"tags":[],"class_list":["post-105","post","type-post","status-publish","format-standard","hentry"],"_links":{"self":[{"href":"http:\/\/www.chapelle-crecy.com\/index.php?rest_route=\/wp\/v2\/posts\/105","targetHints":{"allow":["GET"]}}],"collection":[{"href":"http:\/\/www.chapelle-crecy.com\/index.php?rest_route=\/wp\/v2\/posts"}],"about":[{"href":"http:\/\/www.chapelle-crecy.com\/index.php?rest_route=\/wp\/v2\/types\/post"}],"author":[{"embeddable":true,"href":"http:\/\/www.chapelle-crecy.com\/index.php?rest_route=\/wp\/v2\/users\/2"}],"replies":[{"embeddable":true,"href":"http:\/\/www.chapelle-crecy.com\/index.php?rest_route=%2Fwp%2Fv2%2Fcomments&post=105"}],"version-history":[{"count":0,"href":"http:\/\/www.chapelle-crecy.com\/index.php?rest_route=\/wp\/v2\/posts\/105\/revisions"}],"wp:attachment":[{"href":"http:\/\/www.chapelle-crecy.com\/index.php?rest_route=%2Fwp%2Fv2%2Fmedia&parent=105"}],"wp:term":[{"taxonomy":"category","embeddable":true,"href":"http:\/\/www.chapelle-crecy.com\/index.php?rest_route=%2Fwp%2Fv2%2Fcategories&post=105"},{"taxonomy":"post_tag","embeddable":true,"href":"http:\/\/www.chapelle-crecy.com\/index.php?rest_route=%2Fwp%2Fv2%2Ftags&post=105"}],"curies":[{"name":"wp","href":"https:\/\/api.w.org\/{rel}","templated":true}]}}