{"id":1050,"date":"2017-04-14T21:04:00","date_gmt":"2017-04-14T21:04:00","guid":{"rendered":""},"modified":"-0001-11-30T00:00:00","modified_gmt":"-0001-11-29T22:00:00","slug":"","status":"publish","type":"post","link":"http:\/\/www.chapelle-crecy.com\/?p=1050","title":{"rendered":"Annonces du 17 au 30 avril 2017"},"content":{"rendered":"<div align=\"justify\">Voici les annonces de la semaine sainte, du lundi 17 au 23 avril 2017 pour la paroisse des 3 clochers Cr\u00e9cy-la-Chapelle, Villiers-sur-Morin, Voulangis. <\/p>\n<p>Samedi 22 avril \u00e0\u00a0 18h15, Messe \u00e0\u00a0 la coll\u00e9giale dans le cadre du rassemblement des jeunes, <br \/>\nDimanche 23 avril \u00e0\u00a0 10 h 30, messe \u00e0\u00a0 la coll\u00e9giale. <\/p>\n<p>Samedi 29 avril \u00e0\u00a0 18 h 30, Messe \u00e0\u00a0 Voulangis,<br \/>\nDimanche 30 avril \u00e0\u00a0 10 h 30, Messe \u00e0\u00a0 la coll\u00e9giale<br \/>\nTous les d\u00e9tails dans la suite &#8230;\n<\/div>\n<div align=\"center\">\n<table bgcolor =\"F0F0F6\" border=0>\n<tbody>\n<td><font color=\"0E0C40\"><\/p>\n<div align=\"center\"><img decoding=\"async\" src=\"\/IMG\/personnes\/kateri.jpg\" width=200><br \/>Sainte Kateri<\/div>\n<p><\/font><\/td>\n<td ><font color=\"0E0C40\"><\/p>\n<div align=\"center\">\n<b>Lundi 17 avril<\/b><br \/>\n<i>Sainte Kateri Tekakwitha<\/i><br \/>\n&#8211; 17 h &#8211; Messe de p\u00e2ques \u00e0 la Maison de Retraite.<\/p>\n<p><b>Mercredi 19 avril<\/b><br \/>\n&#8211; 9 h &#8211; Messe \u00e0 Voulangis pour Paul WESPRISER et pour les Ames du Purgatoire.<\/td>\n<\/tr>\n<\/tbody>\n<\/table>\n<table bgcolor =\"F0F6FA\" border=0>\n<tbody>\n<tr>\n<td><font color=\"AE0F40\"><\/p>\n<div align=\"center\">\n<b>Jeudi 20 avril<\/b><br \/> <br \/>\n&#8211; 18 h &#8211;  Messe \u00e0 Voulangis pour Michel DEDIEU, Lucien GORRET et Germaine RIGOLLET.<br \/>\n&#8211; 20 h30 &#8211; R\u00e9union de l&rsquo;Equipe d&rsquo;Animation Pastorale.<\/p>\n<p><b>Vendredi 21 avril<\/b><br \/> <br \/>\n<i>Saint Anselme<\/i><bR><br \/>\n&#8211; 9 h &#8211; Messe \u00e0 Voulangis pour Edith COTTANCEAU , Rose-Marie    DECOUTTERE et Laurence MALAPERT.\n<\/div>\n<p><\/font><\/td>\n<td><font color=\"AE0F40\"><\/p>\n<div align=\"center\"><img decoding=\"async\" src=\"\/IMG\/personnes\/anselme.jpg\" width=200><br \/>Saint Anselme<\/div>\n<p><\/font><\/td>\n<\/tr>\n<\/tbody>\n<\/table>\n<table bgcolor =\"FFF6F0\" border=0>\n<tbody>\n<tr>\n<td><font color=\"00CC00\"><\/p>\n<div align=\"center\"><img decoding=\"async\" src=\"\/IMG\/personnes\/alexandre.jpg\" width=200><br \/>Saint Alexandre\n<\/div>\n<p><\/font><\/td>\n<td><font color=\"00CC00\"><\/p>\n<div align=\"center\">\n<b>Samedi 22 avril<\/b><br \/>\n<i>Saint Alexandre<\/i><br \/>\n&#8211; 18 h 15 &#8211;   Messe \u00e0 la COLLEGIALE dans le cadre du rassemblement des Jeunes. Elle sera c\u00e9l\u00e9br\u00e9e  pour Collette NOURY, Patrice ESPERET et Claude HERVIN.<\/p>\n<p><b>Dimanche 23 avril<\/b><br \/> <br \/>\n&#8211; 10 h 30 &#8211; Dimanche de la Mis\u00e9ricorde<br \/>\nMesse \u00e0 la COLLEGIALE pour Lo\u00efc MEUNIER et R\u00e9mi GHENIN &#8211; Bapt\u00eame de No\u00e9mie FRERE.\n<\/div>\n<p><\/font><\/td>\n<\/tr>\n<\/tbody>\n<\/table>\n<table bgcolor =\"F0F6FA\" border=0>\n<tbody>\n<tr>\n<td><font color=\"AE0F40\"><\/p>\n<div align=\"center\">\n<b>Lundi 24 avril<\/b><br \/> <br \/>\n&#8211; 17 h &#8211; C\u00e9l\u00e9bration \u00e0 la Maison de Retraite.<\/p>\n<p><b>Samedi 29 avril<\/b><br \/>\n<i>Sainte Catherine de Sienne<\/i><br \/>\n&#8211; 10 h &#8211; A Voulangis obs\u00e8ques de Andr\u00e9 PLIQUE.<br \/> <br \/>\n&#8211; 18 h 30 &#8211; Messe \u00e0 Voulangis pour Jean et Raymonde LEROUX et Andr\u00e9 PLIQUE.<br \/> <br \/>\nC&rsquo;est \u00e9galement une messe anniversaire pour Giovanna LAZIO et Grazziela FERRARA .<\/p>\n<p><b>Dimanche 30 avril<\/b><br \/>\n&#8211; 10 h 30 &#8211; Messe \u00e0 la COLLEGIALE pour Yvette VALLEE et Ludovic STEINER.<\/p>\n<p>Ce samedi 29 et dimanche 30 avril :QUETE POUR L&rsquo;HOSPITALITE DE  LOURDES\n<\/p><\/div>\n<p><\/font><\/td>\n<td><font color=\"AE0F40\"><\/p>\n<div align=\"center\"><img decoding=\"async\" src=\"\/IMG\/personnes\/catherine_sienne.jpg\" width=200><br \/>Sainte Catherine de Sienne<\/div>\n<p><\/font><\/td>\n<\/tr>\n<\/tbody>\n<\/table>\n<\/div>\n","protected":false},"excerpt":{"rendered":"<p>Voici les annonces de la semaine sainte, du lundi 17 au 23 avril 2017 pour la paroisse des 3 clochers Cr\u00e9cy-la-Chapelle, Villiers-sur-Morin, Voulangis. Samedi 22 avril \u00e0\u00a0 18h15, Messe \u00e0\u00a0 la coll\u00e9giale dans le&#46;&#46;&#46;<\/p>\n","protected":false},"author":2,"featured_media":0,"comment_status":"open","ping_status":"open","sticky":false,"template":"","format":"standard","meta":{"footnotes":""},"categories":[],"tags":[],"class_list":["post-1050","post","type-post","status-publish","format-standard","hentry"],"_links":{"self":[{"href":"http:\/\/www.chapelle-crecy.com\/index.php?rest_route=\/wp\/v2\/posts\/1050","targetHints":{"allow":["GET"]}}],"collection":[{"href":"http:\/\/www.chapelle-crecy.com\/index.php?rest_route=\/wp\/v2\/posts"}],"about":[{"href":"http:\/\/www.chapelle-crecy.com\/index.php?rest_route=\/wp\/v2\/types\/post"}],"author":[{"embeddable":true,"href":"http:\/\/www.chapelle-crecy.com\/index.php?rest_route=\/wp\/v2\/users\/2"}],"replies":[{"embeddable":true,"href":"http:\/\/www.chapelle-crecy.com\/index.php?rest_route=%2Fwp%2Fv2%2Fcomments&post=1050"}],"version-history":[{"count":0,"href":"http:\/\/www.chapelle-crecy.com\/index.php?rest_route=\/wp\/v2\/posts\/1050\/revisions"}],"wp:attachment":[{"href":"http:\/\/www.chapelle-crecy.com\/index.php?rest_route=%2Fwp%2Fv2%2Fmedia&parent=1050"}],"wp:term":[{"taxonomy":"category","embeddable":true,"href":"http:\/\/www.chapelle-crecy.com\/index.php?rest_route=%2Fwp%2Fv2%2Fcategories&post=1050"},{"taxonomy":"post_tag","embeddable":true,"href":"http:\/\/www.chapelle-crecy.com\/index.php?rest_route=%2Fwp%2Fv2%2Ftags&post=1050"}],"curies":[{"name":"wp","href":"https:\/\/api.w.org\/{rel}","templated":true}]}}