{"id":1051,"date":"2017-04-28T13:32:02","date_gmt":"2017-04-28T13:32:02","guid":{"rendered":""},"modified":"-0001-11-30T00:00:00","modified_gmt":"-0001-11-29T22:00:00","slug":"","status":"publish","type":"post","link":"http:\/\/www.chapelle-crecy.com\/?p=1051","title":{"rendered":"Annonces du 1er au 7 mai 2017"},"content":{"rendered":"<div align=\"justify\">Voici les annonces de la semaine sainte, du lundi 1er au 7 mai 2017 pour la paroisse des 3 clochers Cr\u00e9cy-la-Chapelle, Villiers-sur-Morin, Voulangis. <\/p>\n<p>Samedi 6 mai \u00e0\u00a0 18 h 30, Messe \u00e0\u00a0 Villiers,<br \/>\nDimanche 7 mai \u00e0\u00a0 10 h 30, Messe \u00e0\u00a0 la coll\u00e9giale<br \/>\nTous les d\u00e9tails dans la suite &#8230;\n<\/div>\n<div align=\"center\">\n<table bgcolor =\"F0F6FA\" border=0>\n<tbody>\n<tr>\n<td><font color=\"0E0F40\"><\/p>\n<div align=\"center\">\n<b>Lundi 1er mai<\/b><br \/> <br \/>\n<i>Sainte Joseph Artisan<\/i><br \/>\n&#8211; 17 h &#8211; C\u00e9l\u00e9bration \u00e0 la Maison de Retraite.<\/p>\n<p><b>Samedi 6 mai<\/b><\/p>\n<p>&#8211; 18 h 30 &#8211;  Messe \u00e0 Villiers pour Jean ROSIER et Alain LESGENT.<\/p>\n<p><b>Dimanche 7 mai<\/b><br \/>\n&#8211; 10 h 30 &#8211; A la Coll\u00e9giale, Messe participative avec  les enfants de la Cat\u00e9ch\u00e8se. Elle sera c\u00e9l\u00e9br\u00e9e pour la famille BOURLOIS ainsi que pour Ren\u00e9e GUIBERT et Marie GALLOIS.<br \/>\nBapt\u00eame de Valentin PETRA, ainsi que de Milla et Oriane BAZZOLI.<br \/>\nCes samedi et dimanche  6 et 7 mai : QUETE POUR LES  VOCATIONS.<\/div>\n<p><\/font><\/td>\n<td><font color=\"AE0F40\"><\/p>\n<div align=\"center\"><img decoding=\"async\" src=\"\/IMG\/personnes\/joseph.jpg\" width=200><br \/>Saint Joseph<\/div>\n<p><\/font><\/td>\n<\/tr>\n<\/tbody>\n<\/table>\n<\/div>\n","protected":false},"excerpt":{"rendered":"<p>Voici les annonces de la semaine sainte, du lundi 1er au 7 mai 2017 pour la paroisse des 3 clochers Cr\u00e9cy-la-Chapelle, Villiers-sur-Morin, Voulangis. Samedi 6 mai \u00e0\u00a0 18 h 30, Messe \u00e0\u00a0 Villiers, Dimanche&#46;&#46;&#46;<\/p>\n","protected":false},"author":2,"featured_media":0,"comment_status":"open","ping_status":"open","sticky":false,"template":"","format":"standard","meta":{"footnotes":""},"categories":[],"tags":[],"class_list":["post-1051","post","type-post","status-publish","format-standard","hentry"],"_links":{"self":[{"href":"http:\/\/www.chapelle-crecy.com\/index.php?rest_route=\/wp\/v2\/posts\/1051","targetHints":{"allow":["GET"]}}],"collection":[{"href":"http:\/\/www.chapelle-crecy.com\/index.php?rest_route=\/wp\/v2\/posts"}],"about":[{"href":"http:\/\/www.chapelle-crecy.com\/index.php?rest_route=\/wp\/v2\/types\/post"}],"author":[{"embeddable":true,"href":"http:\/\/www.chapelle-crecy.com\/index.php?rest_route=\/wp\/v2\/users\/2"}],"replies":[{"embeddable":true,"href":"http:\/\/www.chapelle-crecy.com\/index.php?rest_route=%2Fwp%2Fv2%2Fcomments&post=1051"}],"version-history":[{"count":0,"href":"http:\/\/www.chapelle-crecy.com\/index.php?rest_route=\/wp\/v2\/posts\/1051\/revisions"}],"wp:attachment":[{"href":"http:\/\/www.chapelle-crecy.com\/index.php?rest_route=%2Fwp%2Fv2%2Fmedia&parent=1051"}],"wp:term":[{"taxonomy":"category","embeddable":true,"href":"http:\/\/www.chapelle-crecy.com\/index.php?rest_route=%2Fwp%2Fv2%2Fcategories&post=1051"},{"taxonomy":"post_tag","embeddable":true,"href":"http:\/\/www.chapelle-crecy.com\/index.php?rest_route=%2Fwp%2Fv2%2Ftags&post=1051"}],"curies":[{"name":"wp","href":"https:\/\/api.w.org\/{rel}","templated":true}]}}