{"id":1053,"date":"2017-05-11T12:12:35","date_gmt":"2017-05-11T12:12:35","guid":{"rendered":""},"modified":"-0001-11-30T00:00:00","modified_gmt":"-0001-11-29T22:00:00","slug":"","status":"publish","type":"post","link":"http:\/\/www.chapelle-crecy.com\/?p=1053","title":{"rendered":"Changement de lieu de messe"},"content":{"rendered":"<p>La messe de dimanche 14 mai initialement pr\u00e9vue \u00e0 la coll\u00e9giale aura lieu \u00e0 Villiers.<br \/>\nLa messe de dimanche 21 mai aura lieu \u00e0 la Coll\u00e9giale Notre-Dame de l&rsquo;Assomption \u00e0 Cr\u00e9cy-la-Chapelle \u00e0 10h30.<\/p>\n","protected":false},"excerpt":{"rendered":"<p>La messe de dimanche 14 mai initialement pr\u00e9vue \u00e0 la coll\u00e9giale aura lieu \u00e0 Villiers. La messe de dimanche 21 mai aura lieu \u00e0 la Coll\u00e9giale Notre-Dame de l&rsquo;Assomption \u00e0 Cr\u00e9cy-la-Chapelle \u00e0 10h30.<\/p>\n","protected":false},"author":2,"featured_media":0,"comment_status":"open","ping_status":"open","sticky":false,"template":"","format":"standard","meta":{"footnotes":""},"categories":[],"tags":[],"class_list":["post-1053","post","type-post","status-publish","format-standard","hentry"],"_links":{"self":[{"href":"http:\/\/www.chapelle-crecy.com\/index.php?rest_route=\/wp\/v2\/posts\/1053","targetHints":{"allow":["GET"]}}],"collection":[{"href":"http:\/\/www.chapelle-crecy.com\/index.php?rest_route=\/wp\/v2\/posts"}],"about":[{"href":"http:\/\/www.chapelle-crecy.com\/index.php?rest_route=\/wp\/v2\/types\/post"}],"author":[{"embeddable":true,"href":"http:\/\/www.chapelle-crecy.com\/index.php?rest_route=\/wp\/v2\/users\/2"}],"replies":[{"embeddable":true,"href":"http:\/\/www.chapelle-crecy.com\/index.php?rest_route=%2Fwp%2Fv2%2Fcomments&post=1053"}],"version-history":[{"count":0,"href":"http:\/\/www.chapelle-crecy.com\/index.php?rest_route=\/wp\/v2\/posts\/1053\/revisions"}],"wp:attachment":[{"href":"http:\/\/www.chapelle-crecy.com\/index.php?rest_route=%2Fwp%2Fv2%2Fmedia&parent=1053"}],"wp:term":[{"taxonomy":"category","embeddable":true,"href":"http:\/\/www.chapelle-crecy.com\/index.php?rest_route=%2Fwp%2Fv2%2Fcategories&post=1053"},{"taxonomy":"post_tag","embeddable":true,"href":"http:\/\/www.chapelle-crecy.com\/index.php?rest_route=%2Fwp%2Fv2%2Ftags&post=1053"}],"curies":[{"name":"wp","href":"https:\/\/api.w.org\/{rel}","templated":true}]}}