{"id":1055,"date":"2017-05-19T20:27:58","date_gmt":"2017-05-19T20:27:58","guid":{"rendered":""},"modified":"-0001-11-30T00:00:00","modified_gmt":"-0001-11-29T22:00:00","slug":"","status":"publish","type":"post","link":"http:\/\/www.chapelle-crecy.com\/?p=1055","title":{"rendered":"Annonces du 22 au 28 mai 2017"},"content":{"rendered":"<div align=\"justify\">Voici les annonces de la semaine du lundi 22 au 28 mai 2017 pour la paroisse des 3 clochers Cr\u00e9cy-la-Chapelle, Villiers-sur-Morin, Voulangis. <\/p>\n<p>Jeudi 25 \u00e0\u00a0 10 h 30, messe de l&rsquo;ascension \u00e0\u00a0 la Coll\u00e9giale, <br \/>\nSamedi 27 \u00e0\u00a0 18 h 30, messe \u00e0\u00a0 Villiers, <br \/>\nDimanche 28 \u00e0\u00a0 10 h 30, messe \u00e0\u00a0 la Coll\u00e9giale de Cr\u00e9cy-la-Chapelle. <\/p>\n<p>Tous les d\u00e9tails dans la suite &#8230;\n<\/p><\/div>\n<div align=\"center\">\n<table bgcolor =\"F0F0F6\" border=0>\n<tbody>\n<td><font color=\"0E0C40\"><\/p>\n<div align=\"center\"><img decoding=\"async\" src=\"\/IMG\/personnes\/didier.jpg\" width=200><br \/><i>Saint Didier<\/i><\/div>\n<p><\/font><\/td>\n<td ><font color=\"0E0C40\"><\/p>\n<div align=\"center\">\n<b>Lundi 22 mai<\/b><br \/>\n17 h &#8211; Messe \u00e0 la maison de retraite. <\/p>\n<p><b>Mardi 23 mai<\/b><br \/>\n<i>Saint Didier<\/i><br \/>\n18 h &#8211; Messe \u00e0 Voulangis  pour John STEPHENS, Jean-Claude SIMON et Ludovic STEINER. <\/p>\n<p><b>Mercredi 24 mai<\/b><br \/>\n9 h &#8211; Messe \u00e0 Voulangis  pour Laurence MALAPERT,  Jeannine HUVELIN et Julien MASSON.<br \/>\n20 h 30 &#8211;  soir\u00e9e d&rsquo;Adoration \u00e0 Voulangis.<\/td>\n<\/tr>\n<\/tbody>\n<\/table>\n<table bgcolor =\"F0F6FA\" border=0>\n<tbody>\n<tr>\n<td><font color=\"AE0F40\"><\/p>\n<div align=\"center\">\n<b>Jeudi 25 mai<\/b><br \/> <br \/>\n10 h 30  &#8211;   Messe de l&rsquo;ASCENSION \u00e0 la Coll\u00e9giale.<br \/>\nElle sera c\u00e9l\u00e9br\u00e9e pour Serge PHILIPPE, Claude BAROT et Paul WESPRISER.<\/p>\n<p><b>Vendredi 26 mai<\/b><br \/> <br \/>\n9 h &#8211; Messe \u00e0 Voulangis pour Collette NOURY, Gis\u00e8le LAUX  et Odile LOISEL.<br \/>\n\n<\/div>\n<p><\/font><\/td>\n<td><font color=\"AE0F40\"><\/p>\n<div align=\"center\"><img decoding=\"async\" src=\"\/IMG\/lieux\/lourdes09.jpg\" width=200><\/div>\n<p><\/font><\/td>\n<\/tr>\n<\/tbody>\n<\/table>\n<table bgcolor =\"FFF6F0\" border=0>\n<tbody>\n<tr>\n<td><font color=\"00CC00\"><\/p>\n<div align=\"center\"><img decoding=\"async\" src=\"\/IMG\/personnes\/augustin_cantorbery.jpg\" width=200><br \/><i>Saint Augustin Cantorbery<\/i>\n<\/div>\n<p><\/font><\/td>\n<td><font color=\"00CC00\"><\/p>\n<div align=\"center\">\n<b>Samedi 27 mai<\/b><br \/>\n<i>Saint Augustin Cantorbery<\/i><br \/>\n18 h 30 &#8211; Messe \u00e0 Voulangis pour Alexandre GRIFFON et Sophie DIJOUX.<br \/>\nBapt\u00eame de Hugo et Tom RUSSEAUX.<\/p>\n<p><b>Dimanche 28 mai<\/b><br \/> <br \/>\n10 h 30 &#8211; Messe \u00e0  la Coll\u00e9giale pour  R\u00e9gine MEUNIER , Michel HOUEL et Ren\u00e9e MISCHEL.<br \/>\nBapt\u00eame de Baptiste, Nathan, Florian et Alexandre BOSCHER et de Cl\u00e9lia et Abel DEGOFFE ainsi que de Keysha et Kimora GELOTO CARTERON.<\/p>\n<div alogn=\"center\"><b>Samedi 27 et dimanche28 mai : qu\u00eate au profit de la Journ\u00e9e Chr\u00e9tienne de la Communication.<\/b><\/div>\n<\/div>\n<p><\/font><\/td>\n<\/tr>\n<\/tbody>\n<\/table>\n<\/div>\n","protected":false},"excerpt":{"rendered":"<p>Voici les annonces de la semaine du lundi 22 au 28 mai 2017 pour la paroisse des 3 clochers Cr\u00e9cy-la-Chapelle, Villiers-sur-Morin, Voulangis. Jeudi 25 \u00e0\u00a0 10 h 30, messe de l&rsquo;ascension \u00e0\u00a0 la Coll\u00e9giale,&#46;&#46;&#46;<\/p>\n","protected":false},"author":2,"featured_media":0,"comment_status":"open","ping_status":"open","sticky":false,"template":"","format":"standard","meta":{"footnotes":""},"categories":[],"tags":[],"class_list":["post-1055","post","type-post","status-publish","format-standard","hentry"],"_links":{"self":[{"href":"http:\/\/www.chapelle-crecy.com\/index.php?rest_route=\/wp\/v2\/posts\/1055","targetHints":{"allow":["GET"]}}],"collection":[{"href":"http:\/\/www.chapelle-crecy.com\/index.php?rest_route=\/wp\/v2\/posts"}],"about":[{"href":"http:\/\/www.chapelle-crecy.com\/index.php?rest_route=\/wp\/v2\/types\/post"}],"author":[{"embeddable":true,"href":"http:\/\/www.chapelle-crecy.com\/index.php?rest_route=\/wp\/v2\/users\/2"}],"replies":[{"embeddable":true,"href":"http:\/\/www.chapelle-crecy.com\/index.php?rest_route=%2Fwp%2Fv2%2Fcomments&post=1055"}],"version-history":[{"count":0,"href":"http:\/\/www.chapelle-crecy.com\/index.php?rest_route=\/wp\/v2\/posts\/1055\/revisions"}],"wp:attachment":[{"href":"http:\/\/www.chapelle-crecy.com\/index.php?rest_route=%2Fwp%2Fv2%2Fmedia&parent=1055"}],"wp:term":[{"taxonomy":"category","embeddable":true,"href":"http:\/\/www.chapelle-crecy.com\/index.php?rest_route=%2Fwp%2Fv2%2Fcategories&post=1055"},{"taxonomy":"post_tag","embeddable":true,"href":"http:\/\/www.chapelle-crecy.com\/index.php?rest_route=%2Fwp%2Fv2%2Ftags&post=1055"}],"curies":[{"name":"wp","href":"https:\/\/api.w.org\/{rel}","templated":true}]}}