{"id":1057,"date":"2017-06-03T08:48:41","date_gmt":"2017-06-03T08:48:41","guid":{"rendered":""},"modified":"-0001-11-30T00:00:00","modified_gmt":"-0001-11-29T22:00:00","slug":"","status":"publish","type":"post","link":"http:\/\/www.chapelle-crecy.com\/?p=1057","title":{"rendered":"Annonces du 5 au 11 juin 2017"},"content":{"rendered":"<div align=\"justify\">Voici les annonces de la semaine du lundi 5i au dimanche 11 juin 2017 pour la paroisse des 3 clochers Cr\u00e9cy-la-Chapelle, Villiers-sur-Morin, Voulangis. <\/p>\n<p>Samedi 10 juin \u00e0\u00a0 18 h 30, messe \u00e0\u00a0 Villiers, <br \/>\nDimanche 11 juin \u00e0\u00a0 10 h 30, messe \u00e0\u00a0 la Coll\u00e9giale de Cr\u00e9cy-la-Chapelle. <\/p>\n<p>Tous les d\u00e9tails dans la suite &#8230;\n<\/p><\/div>\n<div align=\"center\">\n<table bgcolor =\"F0F0F6\" border=0>\n<tbody>\n<td><font color=\"0E0C40\"><\/p>\n<div align=\"center\"><img decoding=\"async\" src=\"\/IMG\/personnes\/norbert.jpg\" width=200><br \/><i>Saint Norbert<\/i><\/div>\n<p><\/font><\/td>\n<td ><font color=\"0E0C40\"><\/p>\n<div align=\"center\">\n<b>Lundi 5 juin<\/b><br \/>\n<i>Saint Boniface<\/i><br \/>\n17 h &#8211; Messe \u00e0 la maison de retraite. <\/p>\n<p><b>Mardi 6 juin<\/b><br \/>\n<i>Saint Norbert<\/i><br \/>\n14 h 30 &#8211; R\u00e9union de l&rsquo;Equipe du Rosaire chez Mme LOUIS<br \/>\n18 h &#8211; Messe \u00e0 Voulangis pour Laurence MALAPERT et Ren\u00e9e GUIBERT. <\/p>\n<p><b>Mercredi 7 juin<\/b><br \/>\n9 h &#8211; Messe \u00e0 Voulangis  pour  la petite Amandine, de 11 mois, inhum\u00e9e cette semaine. Nous prierons aussi pour Giselle WACK, H\u00e9l\u00e8ne FONTAINE.<\/td>\n<\/tr>\n<\/tbody>\n<\/table>\n<table bgcolor =\"F0F6FA\" border=0>\n<tbody>\n<tr>\n<td><font color=\"AE0F40\"><\/p>\n<div align=\"center\">\n<b>Jeudi 8 juin<\/b><br \/> <br \/>\n<i>Saint M\u00e9dard<\/i><br \/>\n18 h &#8211; Messe \u00e0 Voulangis pour Rose-Marie DECOUTTERE, Marianne BENVENUTI et Michel DEDIEU.<\/p>\n<p><b>Vendredi 9 juin<\/b><br \/> <br \/>\n9 h &#8211; Messe \u00e0 Voulangis pour Jean-Pierre FRAILLON inhum\u00e9cettesemaine, son \u00e9pouse Nicole et sa fille Carole. Nous prions aussi pour Bernard GOURBAUD.<br \/>\n\n<\/div>\n<p><\/font><\/td>\n<td><font color=\"AE0F40\"><\/p>\n<div align=\"center\"><img decoding=\"async\" src=\"\/IMG\/personnes\/medard.jpg\" width=200><br \/><i>Saint M\u00e9dard<\/i><\/div>\n<p><\/font><\/td>\n<\/tr>\n<\/tbody>\n<\/table>\n<table bgcolor =\"FFF6F0\" border=0>\n<tbody>\n<tr>\n<td><font color=\"00CC00\"><\/p>\n<div align=\"center\"><img decoding=\"async\" src=\"\/IMG\/personnes\/barnabe.jpg\" width=200><br \/><i>Saint Barnab\u00e9<\/i>\n<\/div>\n<p><\/font><\/td>\n<td><font color=\"00CC00\"><\/p>\n<div align=\"center\">\n<b>Samedi 10 juin<\/b><br \/>\n<i>Saint Barnab\u00e9<\/i><br \/>\n18 h 30 &#8211; A Voulangis, messe pour Jean GACON et Maryvonne                   MATHONNET.<br \/>\n20 h &#8211; Veill\u00e9e de Profession de Foi \u00e0 Voulangis <\/p>\n<p><b>Dimanche 11 juin<\/b> &#8211; SOLENNITE DE LA SAINTE TRINITE<br \/>\n10 h 30 &#8211; Messe de Profession de Foi \u00e0 la Coll\u00e9giale.<br \/>\nElle sera \u00e9galement c\u00e9l\u00e9br\u00e9e pour Philippe CABARET, ainsi que Genevi\u00e8ve et Pierre-Louis MENON.<br \/>\n<font color=\"FF0000\">Samedi 10 et dimanche 11 juin : QUETE SPECIALE pour le DENIER DE SAINT PIERRE.<\/font>\n<\/div>\n<p><\/font><\/td>\n<\/tr>\n<\/tbody>\n<\/table>\n<\/div>\n","protected":false},"excerpt":{"rendered":"<p>Voici les annonces de la semaine du lundi 5i au dimanche 11 juin 2017 pour la paroisse des 3 clochers Cr\u00e9cy-la-Chapelle, Villiers-sur-Morin, Voulangis. Samedi 10 juin \u00e0\u00a0 18 h 30, messe \u00e0\u00a0 Villiers, Dimanche&#46;&#46;&#46;<\/p>\n","protected":false},"author":2,"featured_media":0,"comment_status":"open","ping_status":"open","sticky":false,"template":"","format":"standard","meta":{"footnotes":""},"categories":[],"tags":[],"class_list":["post-1057","post","type-post","status-publish","format-standard","hentry"],"_links":{"self":[{"href":"http:\/\/www.chapelle-crecy.com\/index.php?rest_route=\/wp\/v2\/posts\/1057","targetHints":{"allow":["GET"]}}],"collection":[{"href":"http:\/\/www.chapelle-crecy.com\/index.php?rest_route=\/wp\/v2\/posts"}],"about":[{"href":"http:\/\/www.chapelle-crecy.com\/index.php?rest_route=\/wp\/v2\/types\/post"}],"author":[{"embeddable":true,"href":"http:\/\/www.chapelle-crecy.com\/index.php?rest_route=\/wp\/v2\/users\/2"}],"replies":[{"embeddable":true,"href":"http:\/\/www.chapelle-crecy.com\/index.php?rest_route=%2Fwp%2Fv2%2Fcomments&post=1057"}],"version-history":[{"count":0,"href":"http:\/\/www.chapelle-crecy.com\/index.php?rest_route=\/wp\/v2\/posts\/1057\/revisions"}],"wp:attachment":[{"href":"http:\/\/www.chapelle-crecy.com\/index.php?rest_route=%2Fwp%2Fv2%2Fmedia&parent=1057"}],"wp:term":[{"taxonomy":"category","embeddable":true,"href":"http:\/\/www.chapelle-crecy.com\/index.php?rest_route=%2Fwp%2Fv2%2Fcategories&post=1057"},{"taxonomy":"post_tag","embeddable":true,"href":"http:\/\/www.chapelle-crecy.com\/index.php?rest_route=%2Fwp%2Fv2%2Ftags&post=1057"}],"curies":[{"name":"wp","href":"https:\/\/api.w.org\/{rel}","templated":true}]}}