{"id":1058,"date":"2017-06-09T18:54:03","date_gmt":"2017-06-09T18:54:03","guid":{"rendered":""},"modified":"-0001-11-30T00:00:00","modified_gmt":"-0001-11-29T22:00:00","slug":"","status":"publish","type":"post","link":"http:\/\/www.chapelle-crecy.com\/?p=1058","title":{"rendered":"Annonces du 12 au 18 juin 2017"},"content":{"rendered":"<div align=\"justify\">Voici les annonces de la semaine du lundi 12 au dimanche 18 juin 2017 pour la paroisse des 3 clochers Cr\u00e9cy-la-Chapelle, Villiers-sur-Morin, Voulangis. <\/p>\n<p>Samedi 17 juin \u00e0\u00a0 18 h 30, messe \u00e0\u00a0 Villiers, <br \/>\nDimanche 18 juin \u00e0\u00a0 10 h 30, messe \u00e0\u00a0 la Coll\u00e9giale de Cr\u00e9cy-la-Chapelle. <\/p>\n<p>Tous les d\u00e9tails dans la suite &#8230;\n<\/p><\/div>\n<div align=\"center\">\n<table bgcolor =\"F0F0F6\" border=0>\n<tbody>\n<td><font color=\"0E0C40\"><\/p>\n<div align=\"center\"><img decoding=\"async\" src=\"\/IMG\/personnes\/antoine.jpg\" width=200><br \/><i>St Antoine de Padoue<\/i><\/div>\n<p><\/font><\/td>\n<td ><font color=\"0E0C40\"><\/p>\n<div align=\"center\">\n<b>Lundi 12 juin<\/b><br \/>\n17 h &#8211; C\u00e9l\u00e9bration \u00e0 la maison de retraite. <br \/>\n20 h 30 &#8211;  R\u00e9union de l&rsquo;Equipe d&rsquo;Animation Pastorale<\/p>\n<p><b>Mardi 13 juin<\/b><br \/>\n<i> St Antoine de Padoue<\/i><br \/>\n18 h &#8211; Messe \u00e0 Voulangis pour Jeannine HUVELIN et Julien MASSON. <\/p>\n<p><b>Mercredi 14 juin<\/b><br \/>\n9 h &#8211; Messe \u00e0 Voulangis  pour Simone et Jean BLAVIER ainsi que pour Jean-Claude SIMON.<\/td>\n<\/tr>\n<\/tbody>\n<\/table>\n<table bgcolor =\"F0F6FA\" border=0>\n<tbody>\n<tr>\n<td><font color=\"AE0F40\"><\/p>\n<div align=\"center\">\n<b>Jeudi 15 juin<\/b><br \/> <br \/>\n<i>Sainte Germaine<\/i><br \/>\nPas de Messe en Paroisse.<\/p>\n<p><b>Vendredi 16 juin<\/b><br \/> <br \/>\n9 h &#8211; Messe \u00e0 Voulangis pour Paul WESPRISER et Patrick  FARAOULT.<br \/>\n\n<\/div>\n<p><\/font><\/td>\n<td><font color=\"AE0F40\"><\/p>\n<div align=\"center\"><img decoding=\"async\" src=\"\/IMG\/personnes\/germaine.jpg\" width=200><br \/><i>Sainte Germaine<\/i><\/div>\n<p><\/font><\/td>\n<\/tr>\n<\/tbody>\n<\/table>\n<table bgcolor =\"FFF6F0\" border=0>\n<tbody>\n<tr>\n<td><font color=\"00CC00\"><\/p>\n<div align=\"center\"><img decoding=\"async\" src=\"\/IMG\/personnes\/herve.jpg\" width=200><br \/><i>Saint Herv\u00e9<\/i>\n<\/div>\n<p><\/font><\/td>\n<td><font color=\"00CC00\"><\/p>\n<div align=\"center\">\n<b>Samedi 17 juin<\/b><br \/>\n<i>Saint Herv\u00e9<\/i><br \/>\n18 h 30 &#8211; A Villiers  messe pour Mich\u00e8le HAESE, Marie-Louise POUTONNET et Damiano CAVALIERE.<\/p>\n<p>\n<b>Dimanche 18 juin<\/b> &#8211; SOLENNITE DU SAINT SACREMENT<br \/>\n10 h 30 &#8211; Messe de Premi\u00e8re Communion \u00e0 la Coll\u00e9giale.<br \/>\nElle sera \u00e9galement c\u00e9l\u00e9br\u00e9e pour Marc CALONNE,  Sabine BATARD et Serge PHILIPPE.<br \/>\nBapt\u00eame de  Gladys DJOLO.\n<\/div>\n<p><\/font><\/td>\n<\/tr>\n<\/tbody>\n<\/table>\n<\/div>\n","protected":false},"excerpt":{"rendered":"<p>Voici les annonces de la semaine du lundi 12 au dimanche 18 juin 2017 pour la paroisse des 3 clochers Cr\u00e9cy-la-Chapelle, Villiers-sur-Morin, Voulangis. Samedi 17 juin \u00e0\u00a0 18 h 30, messe \u00e0\u00a0 Villiers, Dimanche&#46;&#46;&#46;<\/p>\n","protected":false},"author":2,"featured_media":0,"comment_status":"open","ping_status":"open","sticky":false,"template":"","format":"standard","meta":{"footnotes":""},"categories":[],"tags":[],"class_list":["post-1058","post","type-post","status-publish","format-standard","hentry"],"_links":{"self":[{"href":"http:\/\/www.chapelle-crecy.com\/index.php?rest_route=\/wp\/v2\/posts\/1058","targetHints":{"allow":["GET"]}}],"collection":[{"href":"http:\/\/www.chapelle-crecy.com\/index.php?rest_route=\/wp\/v2\/posts"}],"about":[{"href":"http:\/\/www.chapelle-crecy.com\/index.php?rest_route=\/wp\/v2\/types\/post"}],"author":[{"embeddable":true,"href":"http:\/\/www.chapelle-crecy.com\/index.php?rest_route=\/wp\/v2\/users\/2"}],"replies":[{"embeddable":true,"href":"http:\/\/www.chapelle-crecy.com\/index.php?rest_route=%2Fwp%2Fv2%2Fcomments&post=1058"}],"version-history":[{"count":0,"href":"http:\/\/www.chapelle-crecy.com\/index.php?rest_route=\/wp\/v2\/posts\/1058\/revisions"}],"wp:attachment":[{"href":"http:\/\/www.chapelle-crecy.com\/index.php?rest_route=%2Fwp%2Fv2%2Fmedia&parent=1058"}],"wp:term":[{"taxonomy":"category","embeddable":true,"href":"http:\/\/www.chapelle-crecy.com\/index.php?rest_route=%2Fwp%2Fv2%2Fcategories&post=1058"},{"taxonomy":"post_tag","embeddable":true,"href":"http:\/\/www.chapelle-crecy.com\/index.php?rest_route=%2Fwp%2Fv2%2Ftags&post=1058"}],"curies":[{"name":"wp","href":"https:\/\/api.w.org\/{rel}","templated":true}]}}