{"id":1059,"date":"2017-06-16T22:45:29","date_gmt":"2017-06-16T22:45:29","guid":{"rendered":""},"modified":"-0001-11-30T00:00:00","modified_gmt":"-0001-11-29T22:00:00","slug":"","status":"publish","type":"post","link":"http:\/\/www.chapelle-crecy.com\/?p=1059","title":{"rendered":"Annonces du 19 au 25 juin 2017"},"content":{"rendered":"<div align=\"justify\">Voici les annonces de la semaine du lundi 19 au dimanche 25 juin 2017 pour la paroisse des 3 clochers Cr\u00e9cy-la-Chapelle, Villiers-sur-Morin, Voulangis. <\/p>\n<p>Samedi 24 juin \u00e0\u00a0 18 h 30, messe \u00e0\u00a0 Villiers, <br \/>\nDimanche 25 juin \u00e0\u00a0 10 h 30, messe \u00e0\u00a0 la Coll\u00e9giale de Cr\u00e9cy-la-Chapelle. <\/p>\n<p>Tous les d\u00e9tails dans la suite &#8230;\n<\/p><\/div>\n<div align=\"center\">\n<table bgcolor =\"F0F0F6\" border=0>\n<tbody>\n<td><font color=\"0E0C40\"><\/p>\n<div align=\"center\"><img decoding=\"async\" src=\"\/IMG\/personnes\/jude.jpg\" width=200><br \/><i>St Jude<\/i><\/div>\n<p><\/font><\/td>\n<td ><font color=\"0E0C40\"><\/p>\n<div align=\"center\">\n<b>Lundi 19 juin<\/b><br \/>\n<i>Saint Jude<\/i><br \/>\n17 h &#8211; Mess \u00e0 la maison de retraite. <\/p>\n<p><b>Mardi 20 juin<\/b><br \/>\nPas de messe en paroisse <\/p>\n<p><b>Mercredi 21 juin<\/b><br \/>\n<i>St Louis de Gonzague<\/i><br \/>\n9 h &#8211; Messe \u00e0 Voulangis pour Janine LHARRIDON et Bernard RICHARD.<\/td>\n<\/tr>\n<\/tbody>\n<\/table>\n<table bgcolor =\"F0F6FA\" border=0>\n<tbody>\n<tr>\n<td><font color=\"AE0F40\"><\/p>\n<div align=\"center\">\n<b>Jeudi 22 juin<\/b><br \/> <br \/>\n<i>Saint Alban<\/i><br \/>\n18 h &#8211; Messe \u00e0 Voulangis pour Colette VALLEE et Iris CUGINI.<\/p>\n<p><b>Vendredi 23 juin<\/b><br \/> <br \/>\n<i>SOLENNITE DU  SACRE COEUR DE JESUS<\/i><br \/>\n9 h &#8211; Messe \u00e0 Voulangis pour  Sophie DIJOUX et Jacques LAVILLAUDY.<br \/>\n\n<\/div>\n<p><\/font><\/td>\n<td><font color=\"AE0F40\"><\/p>\n<div align=\"center\"><img decoding=\"async\" src=\"\/IMG\/personnes\/alban.jpg\" width=200><br \/><i>Saint Alban<\/i><\/div>\n<p><\/font><\/td>\n<\/tr>\n<\/tbody>\n<\/table>\n<table bgcolor =\"FFF6F0\" border=0>\n<tbody>\n<tr>\n<td><font color=\"00CC00\"><\/p>\n<div align=\"center\"><img decoding=\"async\" src=\"\/IMG\/personnes\/jean_baptiste.jpg\" width=200><br \/><i>Saint Jean Baptiste<\/i>\n<\/div>\n<p><\/font><\/td>\n<td><font color=\"00CC00\"><\/p>\n<div align=\"center\">\n<b>Samedi 24 juin<\/b><br \/>\n<i>NATIVITE DE ST JEAN BAPTISTE<\/i><br \/>\n18 h 30 &#8211; A Voulangis, messe pour Maryvonne MATHONNET et Jean ROSIER.<\/p>\n<p>\n<b>Dimanche 25 juin<\/b><br \/>\n10 h 30 &#8211; MESSE D&rsquo;ACTION DE GRACE \u00e0 la Coll\u00e9giale.<br \/>\nElle sera c\u00e9l\u00e9br\u00e9e pour Jacqueline MULET et Fran\u00e7ois de`LAUBRIERE.<br \/>\nEt ce dimanche 25 juin, \u00e0  15 h 30  \u00e0 la cath\u00e9drale de Meaux, ordination  presbyt\u00e9rale de Francesco DINTZNER.\n<\/div>\n<p><\/font><\/td>\n<\/tr>\n<\/tbody>\n<\/table>\n<\/div>\n","protected":false},"excerpt":{"rendered":"<p>Voici les annonces de la semaine du lundi 19 au dimanche 25 juin 2017 pour la paroisse des 3 clochers Cr\u00e9cy-la-Chapelle, Villiers-sur-Morin, Voulangis. Samedi 24 juin \u00e0\u00a0 18 h 30, messe \u00e0\u00a0 Villiers, Dimanche&#46;&#46;&#46;<\/p>\n","protected":false},"author":2,"featured_media":0,"comment_status":"open","ping_status":"open","sticky":false,"template":"","format":"standard","meta":{"footnotes":""},"categories":[],"tags":[],"class_list":["post-1059","post","type-post","status-publish","format-standard","hentry"],"_links":{"self":[{"href":"http:\/\/www.chapelle-crecy.com\/index.php?rest_route=\/wp\/v2\/posts\/1059","targetHints":{"allow":["GET"]}}],"collection":[{"href":"http:\/\/www.chapelle-crecy.com\/index.php?rest_route=\/wp\/v2\/posts"}],"about":[{"href":"http:\/\/www.chapelle-crecy.com\/index.php?rest_route=\/wp\/v2\/types\/post"}],"author":[{"embeddable":true,"href":"http:\/\/www.chapelle-crecy.com\/index.php?rest_route=\/wp\/v2\/users\/2"}],"replies":[{"embeddable":true,"href":"http:\/\/www.chapelle-crecy.com\/index.php?rest_route=%2Fwp%2Fv2%2Fcomments&post=1059"}],"version-history":[{"count":0,"href":"http:\/\/www.chapelle-crecy.com\/index.php?rest_route=\/wp\/v2\/posts\/1059\/revisions"}],"wp:attachment":[{"href":"http:\/\/www.chapelle-crecy.com\/index.php?rest_route=%2Fwp%2Fv2%2Fmedia&parent=1059"}],"wp:term":[{"taxonomy":"category","embeddable":true,"href":"http:\/\/www.chapelle-crecy.com\/index.php?rest_route=%2Fwp%2Fv2%2Fcategories&post=1059"},{"taxonomy":"post_tag","embeddable":true,"href":"http:\/\/www.chapelle-crecy.com\/index.php?rest_route=%2Fwp%2Fv2%2Ftags&post=1059"}],"curies":[{"name":"wp","href":"https:\/\/api.w.org\/{rel}","templated":true}]}}