{"id":1061,"date":"2017-06-23T14:26:42","date_gmt":"2017-06-23T14:26:42","guid":{"rendered":""},"modified":"-0001-11-30T00:00:00","modified_gmt":"-0001-11-29T22:00:00","slug":"","status":"publish","type":"post","link":"http:\/\/www.chapelle-crecy.com\/?p=1061","title":{"rendered":"La nuit des \u00e9glises 2017 \u00e0\u00a0 Voulangis"},"content":{"rendered":"<div align=\"justify\">Un tr\u00e8s beau programme culturel et spirituel vous sera propos\u00e9 ce samedi 1er juillet de 19h30 \u00e0 22h30 pour la Nuit des \u00e9glises 2017. Comme plus de 600 \u00e9glises \u00e0 travers toute la France, la petite commune de Voulangis est fi\u00e8re de vous pr\u00e9senter son petit tr\u00e9sor qu&rsquo;est l&rsquo;\u00e9glise St Pierre, r\u00e9cemment restaur\u00e9e. Venez en savoir plus en participant \u00e0 cette belle soir\u00e9e en perspective. Retrouvez ci-apr\u00e8s ou sur le site [www.narthex.fr->https:\/\/openagenda.com\/la-nuit-des-eglises-2017\/events\/ouverture-de-l-eglise-saint-pierre-de-voulangis-pole-missionnaire-de-meaux] le super-programme de cette nuit d&rsquo;\u00e9t\u00e9 voulangeoise.\n<\/div>\n","protected":false},"excerpt":{"rendered":"<p>Un tr\u00e8s beau programme culturel et spirituel vous sera propos\u00e9 ce samedi 1er juillet de 19h30 \u00e0 22h30 pour la Nuit des \u00e9glises 2017. Comme plus de 600 \u00e9glises \u00e0 travers toute la France,&#46;&#46;&#46;<\/p>\n","protected":false},"author":2,"featured_media":0,"comment_status":"open","ping_status":"open","sticky":false,"template":"","format":"standard","meta":{"footnotes":""},"categories":[],"tags":[],"class_list":["post-1061","post","type-post","status-publish","format-standard","hentry"],"_links":{"self":[{"href":"http:\/\/www.chapelle-crecy.com\/index.php?rest_route=\/wp\/v2\/posts\/1061","targetHints":{"allow":["GET"]}}],"collection":[{"href":"http:\/\/www.chapelle-crecy.com\/index.php?rest_route=\/wp\/v2\/posts"}],"about":[{"href":"http:\/\/www.chapelle-crecy.com\/index.php?rest_route=\/wp\/v2\/types\/post"}],"author":[{"embeddable":true,"href":"http:\/\/www.chapelle-crecy.com\/index.php?rest_route=\/wp\/v2\/users\/2"}],"replies":[{"embeddable":true,"href":"http:\/\/www.chapelle-crecy.com\/index.php?rest_route=%2Fwp%2Fv2%2Fcomments&post=1061"}],"version-history":[{"count":0,"href":"http:\/\/www.chapelle-crecy.com\/index.php?rest_route=\/wp\/v2\/posts\/1061\/revisions"}],"wp:attachment":[{"href":"http:\/\/www.chapelle-crecy.com\/index.php?rest_route=%2Fwp%2Fv2%2Fmedia&parent=1061"}],"wp:term":[{"taxonomy":"category","embeddable":true,"href":"http:\/\/www.chapelle-crecy.com\/index.php?rest_route=%2Fwp%2Fv2%2Fcategories&post=1061"},{"taxonomy":"post_tag","embeddable":true,"href":"http:\/\/www.chapelle-crecy.com\/index.php?rest_route=%2Fwp%2Fv2%2Ftags&post=1061"}],"curies":[{"name":"wp","href":"https:\/\/api.w.org\/{rel}","templated":true}]}}