{"id":1062,"date":"2017-06-26T22:12:27","date_gmt":"2017-06-26T22:12:27","guid":{"rendered":""},"modified":"-0001-11-30T00:00:00","modified_gmt":"-0001-11-29T22:00:00","slug":"","status":"publish","type":"post","link":"http:\/\/www.chapelle-crecy.com\/?p=1062","title":{"rendered":"Annonces du 26 juin au 2 juillet 2017"},"content":{"rendered":"<div align=\"justify\">Voici les annonces de la semaine du lundi 26 au dimanche 2 juillet 2017 pour la paroisse des 3 clochers Cr\u00e9cy-la-Chapelle, Villiers-sur-Morin, Voulangis. <\/p>\n<p>Samedi 1er juillet de 19 h 30 \u00e0\u00a0 22 h 30, ouverture de l&rsquo;\u00e9glise de Voulangis dans le cadre de la \u00ab Nuit des \u00e9glises , <br \/>\nDimanche 2 juillet \u00e0\u00a0 10 h 30, messe Villiers. <\/p>\n<p>Tous les d\u00e9tails dans la suite &#8230;\n<\/p><\/div>\n<div align=\"center\">\n<table bgcolor =\"F0F0F6\" border=0>\n<tbody>\n<td><font color=\"0E0C40\"><\/p>\n<div align=\"center\"><img decoding=\"async\" src=\"\/IMG\/personnes\/irenee.jpg\" width=200><br \/><i>St Ir\u00e9n\u00e9e<\/i><\/div>\n<p><\/font><\/td>\n<td ><font color=\"0E0C40\"><\/p>\n<div align=\"center\">\n<b>Lundi 26 juin<\/b><br \/>\n17 h &#8211; C\u00e9l\u00e9bration \u00e0 la maison de retraite. <\/p>\n<p><b>Mardi 27 juin<\/b><br \/>\n<i>Saint Fernand<\/i><br \/>\n18 h 00 &#8211; Messe \u00e0 Voulangis pour Elina FRANCISCO et Nadine FELIX<\/p>\n<p><b>Mercredi 28 juin<\/b><br \/>\n<i>Saint Ir\u00e9n\u00e9e<\/i><br \/>\nA 10h, \u00e0 la coll\u00e9giale, obs\u00e8ques de Pierre MAKRIDI<\/td>\n<\/tr>\n<\/tbody>\n<\/table>\n<table bgcolor =\"F0F6FA\" border=0>\n<tbody>\n<tr>\n<td><font color=\"AE0F40\"><\/p>\n<div align=\"center\">\n<b>Jeudi 29 juin<\/b><br \/> <br \/>\n<i>St Pierre et Paul<\/i><br \/>\n18 h &#8211; Messe \u00e0 Voulangis pour Pierre BEAUMONT, Germaine<br \/>\nRIGOLLET et Collette NOURY.<\/p>\n<p><b>Vendredi 30 juin<\/b><br \/> <br \/>\n<i>St Martial<\/i><br \/>\n9 h &#8211; Messe \u00e0 Voulangis pour Roger DUFAUX et Ludovic STEINER.\n<\/div>\n<p><\/font><\/td>\n<td><font color=\"AE0F40\"><\/p>\n<div align=\"center\"><img decoding=\"async\" src=\"\/IMG\/personnes\/martial.jpg\" width=200><br \/><i>Saint Martial<\/i><\/div>\n<p><\/font><\/td>\n<\/tr>\n<\/tbody>\n<\/table>\n<table bgcolor =\"FFF6F0\" border=0>\n<tbody>\n<tr>\n<td><font color=\"00CC00\"><\/p>\n<div align=\"center\"><img decoding=\"async\" src=\"\/IMG\/personnes\/martinien.jpg\" width=200><br \/><i>Le martyre de Saint Martinien<\/i>\n<\/div>\n<p><\/font><\/td>\n<td><font color=\"00CC00\"><\/p>\n<div align=\"center\">\n<b>Samedi 1er juillet<\/b><br \/>\n<i>St Thierry<\/i><br \/>\n10 h 30 &#8211; A Villiers &#8211; Bapt\u00eame d&rsquo;Hadrien WALTER<br \/>\n16 h 00 &#8211; A la Coll\u00e9giale &#8211; Mariage de S\u00e9bastien JOUAN avec Priscilla GALLY.<\/p>\n<p>\n<b>Dimanche 2 juillet<\/b><br \/>\n<i>St Martinien<\/i><br \/>\n10 h 30 &#8211; A Villiers &#8211; messe pour la Famille RONDEL, Sabine<br \/>\nBATARD, Claude LABE et Serge PHILIPPE.<\/p>\n<p>et ce samedi 01 juillet, ouverture exceptionnelle, de 19 h 30 \u00e0 22 h 30, de l&rsquo;\u00e9glise de Voulangis dans le cadre de la \u00ab Nuit des \u00e9glises \u00bb, \u00e9v\u00e8nement soutenu par la Conf\u00e9rence des Ev\u00eaques de France<\/p><\/div>\n<p><\/font><\/td>\n<\/tr>\n<\/tbody>\n<\/table>\n<\/div>\n","protected":false},"excerpt":{"rendered":"<p>Voici les annonces de la semaine du lundi 26 au dimanche 2 juillet 2017 pour la paroisse des 3 clochers Cr\u00e9cy-la-Chapelle, Villiers-sur-Morin, Voulangis. Samedi 1er juillet de 19 h 30 \u00e0\u00a0 22 h 30,&#46;&#46;&#46;<\/p>\n","protected":false},"author":2,"featured_media":0,"comment_status":"open","ping_status":"open","sticky":false,"template":"","format":"standard","meta":{"footnotes":""},"categories":[],"tags":[],"class_list":["post-1062","post","type-post","status-publish","format-standard","hentry"],"_links":{"self":[{"href":"http:\/\/www.chapelle-crecy.com\/index.php?rest_route=\/wp\/v2\/posts\/1062","targetHints":{"allow":["GET"]}}],"collection":[{"href":"http:\/\/www.chapelle-crecy.com\/index.php?rest_route=\/wp\/v2\/posts"}],"about":[{"href":"http:\/\/www.chapelle-crecy.com\/index.php?rest_route=\/wp\/v2\/types\/post"}],"author":[{"embeddable":true,"href":"http:\/\/www.chapelle-crecy.com\/index.php?rest_route=\/wp\/v2\/users\/2"}],"replies":[{"embeddable":true,"href":"http:\/\/www.chapelle-crecy.com\/index.php?rest_route=%2Fwp%2Fv2%2Fcomments&post=1062"}],"version-history":[{"count":0,"href":"http:\/\/www.chapelle-crecy.com\/index.php?rest_route=\/wp\/v2\/posts\/1062\/revisions"}],"wp:attachment":[{"href":"http:\/\/www.chapelle-crecy.com\/index.php?rest_route=%2Fwp%2Fv2%2Fmedia&parent=1062"}],"wp:term":[{"taxonomy":"category","embeddable":true,"href":"http:\/\/www.chapelle-crecy.com\/index.php?rest_route=%2Fwp%2Fv2%2Fcategories&post=1062"},{"taxonomy":"post_tag","embeddable":true,"href":"http:\/\/www.chapelle-crecy.com\/index.php?rest_route=%2Fwp%2Fv2%2Ftags&post=1062"}],"curies":[{"name":"wp","href":"https:\/\/api.w.org\/{rel}","templated":true}]}}