{"id":1064,"date":"2017-06-29T15:23:00","date_gmt":"2017-06-29T15:23:00","guid":{"rendered":""},"modified":"-0001-11-30T00:00:00","modified_gmt":"-0001-11-29T22:00:00","slug":"","status":"publish","type":"post","link":"http:\/\/www.chapelle-crecy.com\/?p=1064","title":{"rendered":"Saint Pierre et Saint Paul"},"content":{"rendered":"<div align= \"justify\">Saint Pierre et Saint Paul sont deux ap\u00f4tres aux charges les plus \u00e9minentes.<br \/>\nPierre \u00e0\u00a0 qui J\u00e9sus confie l&rsquo;\u00e9glise et qui, apr\u00e8s J\u00e9rusalem et Antioche, arrive \u00e0\u00a0 Rome. Il y sera martyris\u00e9 par N\u00e9ron en l&rsquo;an 64. Ce p\u00eacheur de Galil\u00e9e est crucifi\u00e9 la t\u00eate en bas au pied de la colline du Vatican. Son tombeau se trouve au coeur de la basilique qui porte son nom. Le pape Fran\u00e7ois est le 265\u00e8me successeur de Pierre.<br \/>\nPaul, n\u00e9 en Turquie, compl\u00e8te sa culture grecque par de grandes \u00e9tudes juives \u00e0\u00a0 J\u00e9rusalem. Il pers\u00e9cute les chr\u00e9tiens jusqu&rsquo;\u00e0\u00a0 sa conversion sur le chemin de Damas. Il devient alors un ardent ap tre qui parcourt l&rsquo;Asie Mineure et la Gr\u00e8ce pour fonder nombre de communaut\u00e9s chr\u00e9tiennes. Il sera d\u00e9capit\u00e9 sous N\u00e9ron dans le lieu-dit Tre Fontane, et son corps est ramen\u00e9 le long de la Via Ostiense. Une basilique immense est \u00e9rig\u00e9e sur sa tombe.<br \/>\nCette courte description de la vie de ces 2 grands saints est tir\u00e9e de CNEWS Matin de ce jour. Si vous souhaitez en connaitre davantage, voici le lien de<u> [St Pierre->http:\/\/nominis.cef.fr\/contenus\/saint\/899\/Saint-Pierre.html]<\/u> et de<u> [St Paul->http:\/\/nominis.cef.fr\/contenus\/saint\/2116\/Saint-Paul.html]<\/u> que vous pouvez consulter librement.<br \/>\nEn r\u00e9f\u00e9rence \u00e0\u00a0 Thomas Moore f\u00eat\u00e9 le 22 juin, nous vous proposons ci-apr\u00e8s, l&rsquo;\u00e9dito du P\u00f4le missionnaire de Meaux, r\u00e9dig\u00e9 par le P\u00e8re Thierry Leroy. Bonnes vacances \u00e0\u00a0 tous !<\/div>\n<div align= \"center\">Donne-moi l&rsquo;humour !<\/div>\n<div align= \"justify\">\n En vous souhaitant un bon temps d&rsquo;\u00e9t\u00e9 qui soit propice \u00e0 la saintet\u00e9, je vous propose une pri\u00e8re de saint Thomas More, (1478-1535) que nous f\u00eations le 22 juin. Juriste, historien, philosophe, humaniste, th\u00e9ologien, Ambassadeur extraordinaire, puis Chancelier, Thomas More d\u00e9savoue le divorce d&rsquo;Henri VIII d&rsquo;Angleterre et refuse de cautionner l&rsquo;autorit\u00e9 religieuse que celui-ci s&rsquo;est arrog\u00e9e en se s\u00e9parant de Rome. Il est emprisonn\u00e9, puis d\u00e9capit\u00e9 comme \u00ab tra \u00eetre \u00bb. Cette pri\u00e8re est un extrait du texte qu&rsquo;il a compos\u00e9 pendant son incarc\u00e9ration \u00e0 la Tour de Londres.<\/div>\n<div align= \"center\">\n<div align=\"center\"><img decoding=\"async\" src=\"\/IMG\/personnes\/thomas_more.jpg\" width=200><\/div>\n<p> Donne-moi une bonne digestion, Seigneur, et aussi quelque chose \u00e0 dig\u00e9rer.<\/p>\n<p> Donne-moi la sant\u00e9 du corps avec le sens de la garder au mieux,<\/p>\n<p> Donne-moi une \u00e2me sainte, Seigneur, qui ait les yeux sur la beaut\u00e9 et la puret\u00e9, afin qu&rsquo;elle ne s&rsquo;\u00e9pouvante pas en voyant le p\u00e9ch\u00e9, mais sache redresser la situation.<\/p>\n<p> Donne-moi une \u00e2me qui ignore l&rsquo;ennui, le g\u00e9missement et le soupir.<\/p>\n<p> Ne permets pas que je me fasse trop de souci pour cette chose encombrante que j&rsquo;appelle \u00abmoi\u00bb.<\/p>\n<p> Seigneur, donne-moi l&rsquo;humour pour que je tire quelque bonheur de cette vie<br \/>\net en fasse profiter les autres.<\/p><\/div>\n<div align= \"justify\">Que nos migrations estivales soient aussi l&rsquo;occasion de \u00ab migrations int\u00e9rieures \u00bb vers des go\u00fbts simples, l&rsquo;action de gr\u00e2ce, les demandes humbles et d\u00e9sint\u00e9ress\u00e9es. Et l&rsquo;humour !<\/div>\n<p> P\u00e8re Thierry Leroy<\/p>\n","protected":false},"excerpt":{"rendered":"<p>Saint Pierre et Saint Paul sont deux ap\u00f4tres aux charges les plus \u00e9minentes. Pierre \u00e0\u00a0 qui J\u00e9sus confie l&rsquo;\u00e9glise et qui, apr\u00e8s J\u00e9rusalem et Antioche, arrive \u00e0\u00a0 Rome. Il y sera martyris\u00e9 par N\u00e9ron&#46;&#46;&#46;<\/p>\n","protected":false},"author":2,"featured_media":0,"comment_status":"open","ping_status":"open","sticky":false,"template":"","format":"standard","meta":{"footnotes":""},"categories":[],"tags":[],"class_list":["post-1064","post","type-post","status-publish","format-standard","hentry"],"_links":{"self":[{"href":"http:\/\/www.chapelle-crecy.com\/index.php?rest_route=\/wp\/v2\/posts\/1064","targetHints":{"allow":["GET"]}}],"collection":[{"href":"http:\/\/www.chapelle-crecy.com\/index.php?rest_route=\/wp\/v2\/posts"}],"about":[{"href":"http:\/\/www.chapelle-crecy.com\/index.php?rest_route=\/wp\/v2\/types\/post"}],"author":[{"embeddable":true,"href":"http:\/\/www.chapelle-crecy.com\/index.php?rest_route=\/wp\/v2\/users\/2"}],"replies":[{"embeddable":true,"href":"http:\/\/www.chapelle-crecy.com\/index.php?rest_route=%2Fwp%2Fv2%2Fcomments&post=1064"}],"version-history":[{"count":0,"href":"http:\/\/www.chapelle-crecy.com\/index.php?rest_route=\/wp\/v2\/posts\/1064\/revisions"}],"wp:attachment":[{"href":"http:\/\/www.chapelle-crecy.com\/index.php?rest_route=%2Fwp%2Fv2%2Fmedia&parent=1064"}],"wp:term":[{"taxonomy":"category","embeddable":true,"href":"http:\/\/www.chapelle-crecy.com\/index.php?rest_route=%2Fwp%2Fv2%2Fcategories&post=1064"},{"taxonomy":"post_tag","embeddable":true,"href":"http:\/\/www.chapelle-crecy.com\/index.php?rest_route=%2Fwp%2Fv2%2Ftags&post=1064"}],"curies":[{"name":"wp","href":"https:\/\/api.w.org\/{rel}","templated":true}]}}