{"id":1067,"date":"2017-07-03T17:11:21","date_gmt":"2017-07-03T17:11:21","guid":{"rendered":""},"modified":"-0001-11-30T00:00:00","modified_gmt":"-0001-11-29T22:00:00","slug":"","status":"publish","type":"post","link":"http:\/\/www.chapelle-crecy.com\/?p=1067","title":{"rendered":"Annonces du 3 au 9 juillet 2017"},"content":{"rendered":"<div align=\"justify\">Voici les annonces de la semaine du lundi 3 au dimanche 9 juillet 2017 pour la paroisse des 3 clochers Cr\u00e9cy-la-Chapelle, Villiers-sur-Morin, Voulangis. <\/p>\n<p>Dimanche 9 juillet \u00e0\u00a0 10 h 30, messe \u00e0\u00a0 Voulangis. <\/p>\n<p>Tous les d\u00e9tails dans la suite &#8230;\n<\/p><\/div>\n<div align=\"center\">\n<table bgcolor =\"F0F0F6\" border=0>\n<tbody>\n<td><font color=\"0E0C40\"><\/p>\n<div align=\"center\"><img decoding=\"async\" src=\"\/IMG\/personnes\/thomas.jpg\" width=200><br \/><i>St Thomas<\/i><\/div>\n<p><\/font><\/td>\n<td ><font color=\"0E0C40\"><\/p>\n<div align=\"center\">\n<b>Lundi 3 juillet<\/b><br \/>\n<i>Saint Thomas<\/i><br \/>\n17 h &#8211; C\u00e9l\u00e9bration \u00e0 la maison de retraite. <\/p>\n<p><b>Mardi 4 juillet<\/b><\/p>\n<p>Pas de messe en paroisse<\/p>\n<p><b>Mercredi 5 juillet<\/b><br \/>\n<i>Saint Antoine-Marie<\/i><br \/>\n9 h  &#8211; Messe \u00e0 Voulangis pour Paul WESPRISER, Gis\u00e8le WACK et H\u00e9l\u00e8ne FONTAINE.<br \/>\n10 h \u00e0 Voulangis, obs\u00e8ques de Patrick RIVALAN.<\/td>\n<\/tr>\n<\/tbody>\n<\/table>\n<table bgcolor =\"F0F6FA\" border=0>\n<tbody>\n<tr>\n<td><font color=\"AE0F40\"><\/p>\n<div align=\"center\">\n<b>Jeudi 6 juillet<\/b><br \/> <br \/>\n<i>Ste Maria Goretti<\/i><br \/>\n15 h &#8211; \u00e0 Voulangis, obs\u00e8ques de Jean-Pierre METHAIS.<br \/>\n18 h &#8211; Messe \u00e0 Voulangis pour Michel DEDIEU, Philippe CABARET et les d\u00e9funts de la Famille THION  MUNIER.<\/p>\n<p><b>Vendredi 7 juillet<\/b><br \/> <br \/>\n<i>St Raoul<\/i><br \/>\n9 h &#8211; Messe \u00e0 Voulangis pour Maryvonne MATHONNET et Damiano CAVALIERE.\n<\/div>\n<p><\/font><\/td>\n<td><font color=\"AE0F40\"><\/p>\n<div align=\"center\"><img decoding=\"async\" src=\"\/IMG\/personnes\/maria_goretti.jpg\" width=200><br \/><i>Sainte Maria Goretti<\/i><\/div>\n<p><\/font><\/td>\n<\/tr>\n<\/tbody>\n<\/table>\n<table bgcolor =\"FFF6F0\" border=0>\n<tbody>\n<tr>\n<td><font color=\"00CC00\"><\/p>\n<div align=\"center\"><img decoding=\"async\" src=\"\/IMG\/personnes\/edgar.jpg\" width=200><br \/><i>Saint Edgar<\/i>\n<\/div>\n<p><\/font><\/td>\n<td><font color=\"00CC00\"><\/p>\n<div align=\"center\">\n<b>Samedi 8 juillet<\/b><br \/>\n<i>Saint Edgar<\/i><br \/>\nPas de messe en paroisse<\/p>\n<p>\n<b>Dimanche 9 juillet<\/b><br \/>\n<i>St Amandine<\/i><br \/>\n10 h 30 &#8211; A Voulangis &#8211; Messe pour Rose-Marie DECOUTTERE,<br \/>\nElina FRANCISCO et Patrice ESPERET,<br \/>\nBapt\u00eames de Louise GERREBOUT et Mewen LEMEUR au cours de la<br \/>\nc\u00e9l\u00e9bration.<\/div>\n<p><\/font><\/td>\n<\/tr>\n<\/tbody>\n<\/table>\n<\/div>\n","protected":false},"excerpt":{"rendered":"<p>Voici les annonces de la semaine du lundi 3 au dimanche 9 juillet 2017 pour la paroisse des 3 clochers Cr\u00e9cy-la-Chapelle, Villiers-sur-Morin, Voulangis. Dimanche 9 juillet \u00e0\u00a0 10 h 30, messe \u00e0\u00a0 Voulangis. Tous&#46;&#46;&#46;<\/p>\n","protected":false},"author":2,"featured_media":0,"comment_status":"open","ping_status":"open","sticky":false,"template":"","format":"standard","meta":{"footnotes":""},"categories":[],"tags":[],"class_list":["post-1067","post","type-post","status-publish","format-standard","hentry"],"_links":{"self":[{"href":"http:\/\/www.chapelle-crecy.com\/index.php?rest_route=\/wp\/v2\/posts\/1067","targetHints":{"allow":["GET"]}}],"collection":[{"href":"http:\/\/www.chapelle-crecy.com\/index.php?rest_route=\/wp\/v2\/posts"}],"about":[{"href":"http:\/\/www.chapelle-crecy.com\/index.php?rest_route=\/wp\/v2\/types\/post"}],"author":[{"embeddable":true,"href":"http:\/\/www.chapelle-crecy.com\/index.php?rest_route=\/wp\/v2\/users\/2"}],"replies":[{"embeddable":true,"href":"http:\/\/www.chapelle-crecy.com\/index.php?rest_route=%2Fwp%2Fv2%2Fcomments&post=1067"}],"version-history":[{"count":0,"href":"http:\/\/www.chapelle-crecy.com\/index.php?rest_route=\/wp\/v2\/posts\/1067\/revisions"}],"wp:attachment":[{"href":"http:\/\/www.chapelle-crecy.com\/index.php?rest_route=%2Fwp%2Fv2%2Fmedia&parent=1067"}],"wp:term":[{"taxonomy":"category","embeddable":true,"href":"http:\/\/www.chapelle-crecy.com\/index.php?rest_route=%2Fwp%2Fv2%2Fcategories&post=1067"},{"taxonomy":"post_tag","embeddable":true,"href":"http:\/\/www.chapelle-crecy.com\/index.php?rest_route=%2Fwp%2Fv2%2Ftags&post=1067"}],"curies":[{"name":"wp","href":"https:\/\/api.w.org\/{rel}","templated":true}]}}