{"id":1068,"date":"2017-07-09T17:40:48","date_gmt":"2017-07-09T17:40:48","guid":{"rendered":""},"modified":"-0001-11-30T00:00:00","modified_gmt":"-0001-11-29T22:00:00","slug":"","status":"publish","type":"post","link":"http:\/\/www.chapelle-crecy.com\/?p=1068","title":{"rendered":"Annonces du 10 au 16 juillet 2017"},"content":{"rendered":"<div align=\"justify\">Voici les annonces de la semaine du lundi 10 au dimanche 16 juillet 2017 pour la paroisse des 3 clochers Cr\u00e9cy-la-Chapelle, Villiers-sur-Morin, Voulangis. <\/p>\n<p>Dimanche 16 juillet \u00e0\u00a0 10 h 30, messe \u00e0\u00a0 Villiers. <\/p>\n<p>Tous les d\u00e9tails dans la suite &#8230;\n<\/p><\/div>\n<div align=\"center\">\n<table bgcolor =\"F0F0F6\" border=0>\n<tbody>\n<td><font color=\"0E0C40\"><\/p>\n<div align=\"center\"><img decoding=\"async\" src=\"\/IMG\/personnes\/benoit.jpg\" width=200><br \/><i>St Benoit de Nursie<\/i><\/div>\n<p><\/font><\/td>\n<td ><font color=\"0E0C40\"><\/p>\n<div align=\"center\">\n<b>Lundi 10 juillet<\/b><br \/>\n<i>St Ulrich<\/i><br \/>\n10 h &#8211; A Voulangis, obs\u00e8ques de Yvette MARILLIER n\u00e9e VANNEROT.<br \/>\n17 h &#8211; C\u00e9l\u00e9bration \u00e0 la maison de retraite. <\/p>\n<p><b>Mardi 11 juillet<\/b><br \/>\n<i>St Benoit<\/i><br \/>\n18 h 00 &#8211; Messe \u00e0 Voulangis pour Marianne BENVENUTI et Patrick FARAOULT.<br \/>\n<br \/>\n<b>Mercredi 12 juillet<\/b><br \/>\n<i>St Olivier<\/i><br \/>\n9 h &#8211; Messe \u00e0 Voulangis pour Enzo CARLI, Julien MASSON et Pierrette DE PENA.<\/td>\n<\/tr>\n<\/tbody>\n<\/table>\n<table bgcolor =\"F0F6FA\" border=0>\n<tbody>\n<tr>\n<td><font color=\"AE0F40\"><\/p>\n<div align=\"center\">\n<b>Jeudi 13 juillet<\/b><br \/> <br \/>\n<i>St Henri\/Jo\u00ebl<\/i><br \/>\n15 h 30 &#8211; A Voulangis, obs\u00e8ques de Dominique BERGAMASCHI.<br \/>\n18 h &#8211; Messe \u00e0 Voulangis pourLaurence MALAPERT, Marie GALLOIS et Claude BAROT.<\/p>\n<p><b>Vendredi 14 juillet<\/b><br \/> <br \/>\n<i>F\u00c3\u0160TE NATIONALE<\/i><br \/>\n9 h &#8211; Messe \u00e0 Voulangis pour Ren\u00e9e GUIBERT et Nadine FELIX.\n<\/div>\n<p><\/font><\/td>\n<td><font color=\"AE0F40\"><\/p>\n<div align=\"center\"><img decoding=\"async\" src=\"\/IMG\/gif\/france009.gif\" width=150><\/div>\n<p><\/font><\/td>\n<\/tr>\n<\/tbody>\n<\/table>\n<table bgcolor =\"FFF6F0\" border=0>\n<tbody>\n<tr>\n<td><font color=\"00CC00\"><\/p>\n<div align=\"center\"><img decoding=\"async\" src=\"\/IMG\/personnes\/bonaventure.jpg\" width=200><br \/><i>Saint Edgar<\/i>\n<\/div>\n<p><\/font><\/td>\n<td><font color=\"00CC00\"><\/p>\n<div align=\"center\">\n<b>Samedi 15 juillet<\/b><br \/>\n<i>Saint Bonaventure<\/i><br \/>\nPas de messe en paroisse<\/p>\n<p>\n<b>Dimanche 16 juillet<\/b><br \/>\n<i>Notre-Dame du Mont Carmel<\/i><br \/>\n10 h 30 &#8211; A Villiers &#8211; Messe pour Jean ROSIER, Marc CALONE et Simon ARBOGAST.<br \/>\nBapt\u00eame de Jessy PICHET-MILLION<\/div>\n<p><\/font><\/td>\n<\/tr>\n<\/tbody>\n<\/table>\n<\/div>\n","protected":false},"excerpt":{"rendered":"<p>Voici les annonces de la semaine du lundi 10 au dimanche 16 juillet 2017 pour la paroisse des 3 clochers Cr\u00e9cy-la-Chapelle, Villiers-sur-Morin, Voulangis. Dimanche 16 juillet \u00e0\u00a0 10 h 30, messe \u00e0\u00a0 Villiers. Tous&#46;&#46;&#46;<\/p>\n","protected":false},"author":2,"featured_media":0,"comment_status":"open","ping_status":"open","sticky":false,"template":"","format":"standard","meta":{"footnotes":""},"categories":[],"tags":[],"class_list":["post-1068","post","type-post","status-publish","format-standard","hentry"],"_links":{"self":[{"href":"http:\/\/www.chapelle-crecy.com\/index.php?rest_route=\/wp\/v2\/posts\/1068","targetHints":{"allow":["GET"]}}],"collection":[{"href":"http:\/\/www.chapelle-crecy.com\/index.php?rest_route=\/wp\/v2\/posts"}],"about":[{"href":"http:\/\/www.chapelle-crecy.com\/index.php?rest_route=\/wp\/v2\/types\/post"}],"author":[{"embeddable":true,"href":"http:\/\/www.chapelle-crecy.com\/index.php?rest_route=\/wp\/v2\/users\/2"}],"replies":[{"embeddable":true,"href":"http:\/\/www.chapelle-crecy.com\/index.php?rest_route=%2Fwp%2Fv2%2Fcomments&post=1068"}],"version-history":[{"count":0,"href":"http:\/\/www.chapelle-crecy.com\/index.php?rest_route=\/wp\/v2\/posts\/1068\/revisions"}],"wp:attachment":[{"href":"http:\/\/www.chapelle-crecy.com\/index.php?rest_route=%2Fwp%2Fv2%2Fmedia&parent=1068"}],"wp:term":[{"taxonomy":"category","embeddable":true,"href":"http:\/\/www.chapelle-crecy.com\/index.php?rest_route=%2Fwp%2Fv2%2Fcategories&post=1068"},{"taxonomy":"post_tag","embeddable":true,"href":"http:\/\/www.chapelle-crecy.com\/index.php?rest_route=%2Fwp%2Fv2%2Ftags&post=1068"}],"curies":[{"name":"wp","href":"https:\/\/api.w.org\/{rel}","templated":true}]}}