{"id":1069,"date":"2017-07-10T20:20:29","date_gmt":"2017-07-10T20:20:29","guid":{"rendered":""},"modified":"-0001-11-30T00:00:00","modified_gmt":"-0001-11-29T22:00:00","slug":"","status":"publish","type":"post","link":"http:\/\/www.chapelle-crecy.com\/?p=1069","title":{"rendered":"Rentr\u00e9e 2017"},"content":{"rendered":"<p>CATECHISME :<br \/>\nPr\u00e9sentation du cat\u00e9chisme vendredi 15 septembre \u00e0 20h30 salle paroissiale, et inscriptions encore possibles.<br \/>\nCoordinatrice de la Cat\u00e9ch\u00e8se : Elisabeth REMOLEUR  : 06 84 90 16 28<\/p>\n<p>AUMONERIE :<br \/>\n1\u00e8re rencontre samedi 16 septembre de 17h30 \u00e0 22h \u00e0 Montry rue Marceau<br \/>\n&#8211; 17h30 &#8211; 18h : Inscription pour les jeunes non inscrits : apporter un paiement de 30 euros et 10 enveloppes timbr\u00e9es \u00e0 votre adresse<br \/>\n&#8211; 18h15 : Messe \u00e0 l&rsquo;\u00e9glise de Montry<br \/>\n&#8211; 19h30 : Repas. Chacun apportera sa sp\u00e9cialit\u00e9<br \/>\n&#8211; 20h30 &#8211; 22h : Atelier aum\u00f4nerie et pr\u00e9paration \u00e0 la confirmation<br \/>\nCoordinatrice Aumonerie : Nathalie VILLERET : 06 78 28 07 00<\/p>\n","protected":false},"excerpt":{"rendered":"<p>CATECHISME : Pr\u00e9sentation du cat\u00e9chisme vendredi 15 septembre \u00e0 20h30 salle paroissiale, et inscriptions encore possibles. Coordinatrice de la Cat\u00e9ch\u00e8se : Elisabeth REMOLEUR : 06 84 90 16 28 AUMONERIE : 1\u00e8re rencontre samedi&#46;&#46;&#46;<\/p>\n","protected":false},"author":2,"featured_media":0,"comment_status":"open","ping_status":"open","sticky":false,"template":"","format":"standard","meta":{"footnotes":""},"categories":[],"tags":[],"class_list":["post-1069","post","type-post","status-publish","format-standard","hentry"],"_links":{"self":[{"href":"http:\/\/www.chapelle-crecy.com\/index.php?rest_route=\/wp\/v2\/posts\/1069","targetHints":{"allow":["GET"]}}],"collection":[{"href":"http:\/\/www.chapelle-crecy.com\/index.php?rest_route=\/wp\/v2\/posts"}],"about":[{"href":"http:\/\/www.chapelle-crecy.com\/index.php?rest_route=\/wp\/v2\/types\/post"}],"author":[{"embeddable":true,"href":"http:\/\/www.chapelle-crecy.com\/index.php?rest_route=\/wp\/v2\/users\/2"}],"replies":[{"embeddable":true,"href":"http:\/\/www.chapelle-crecy.com\/index.php?rest_route=%2Fwp%2Fv2%2Fcomments&post=1069"}],"version-history":[{"count":0,"href":"http:\/\/www.chapelle-crecy.com\/index.php?rest_route=\/wp\/v2\/posts\/1069\/revisions"}],"wp:attachment":[{"href":"http:\/\/www.chapelle-crecy.com\/index.php?rest_route=%2Fwp%2Fv2%2Fmedia&parent=1069"}],"wp:term":[{"taxonomy":"category","embeddable":true,"href":"http:\/\/www.chapelle-crecy.com\/index.php?rest_route=%2Fwp%2Fv2%2Fcategories&post=1069"},{"taxonomy":"post_tag","embeddable":true,"href":"http:\/\/www.chapelle-crecy.com\/index.php?rest_route=%2Fwp%2Fv2%2Ftags&post=1069"}],"curies":[{"name":"wp","href":"https:\/\/api.w.org\/{rel}","templated":true}]}}