{"id":107,"date":"2009-04-20T10:05:00","date_gmt":"2009-04-20T10:05:00","guid":{"rendered":""},"modified":"-0001-11-30T00:00:00","modified_gmt":"-0001-11-29T22:00:00","slug":"","status":"publish","type":"post","link":"http:\/\/www.chapelle-crecy.com\/?p=107","title":{"rendered":"Messes de mai et juin 2009"},"content":{"rendered":"<table bgcolor =\"F0FAFF\" border=0>\n<tbody>\n<tr>\n<td>\n<div align=\"justify\">Voici le calendrier des messes du vendredi 8 mai au dimanche 28 juin 2009<\/div>\n<\/td>\n<\/tr>\n<\/tbody>\n<\/table>\n<p><b><\/p>\n<div align=\"center\">\n<table bgcolor =\"F0FAFF\" border=1>\n<tbody>\n<tr>\n<td width=120><font color=\"0020FF\">vendredi 8 mai<\/font><\/td>\n<td><font color=\"0020FF\">11h : Messe \u00e0 Cr\u00e9cy pour les Anciens Combattants, pr\u00e9sid\u00e9e par le P\u00e8re Philippe LEGRAND, cur\u00e9 du p\u00f4le de Meaux. Cette messe sera suivie d&rsquo;une c\u00e9r\u00e9monie au monument aux morts.<\/font><\/td>\n<\/tr>\n<tr>\n<td width=120><font color=\"00D000\">Samedi 9 mai<\/font><\/td>\n<td><font color=\"00D000\">18h30 : Messe \u00e0 Voulangis<br \/>\n<\/font><\/td>\n<\/tr>\n<tr>\n<td><font color=\"0020FF\">Dimanche 10 mai<\/font><\/td>\n<td><font color=\"0020FF\">10h30 : Messe \u00e0 Cr\u00e9cy<\/font><\/td>\n<\/tr>\n<tr>\n<td><font color=\"000000\">Samedi 16 mai<\/font><\/td>\n<td><font color=\"000000\">18h30 : Messe \u00e0 Villiers<\/font><\/td>\n<\/tr>\n<tr>\n<td><font color=\"0020FF\">Dimanche 17 mai<\/font><\/td>\n<td><font color=\"0020FF\">10h30 &#8211;  Messe \u00e0 Cr\u00e9cy<\/font><\/td>\n<\/tr>\n<tr>\n<td><font color=\"0020FF\">Jeudi 21 mai<\/font><\/td>\n<td><font color=\"0020FF\">10h30 &#8211;  Messe de l&rsquo;Ascension \u00e0 Cr\u00e9cy<\/font><\/td>\n<\/tr>\n<tr>\n<td><font color=\"00D000\">Samedi 23 mai<\/font><\/td>\n<td><font color=\"00D000\">18h30 : Messe \u00e0 Voulangis<\/font><\/td>\n<\/tr>\n<tr>\n<td><font color=\"0020FF\">Dimanche 24 mai<\/font><\/td>\n<td><font color=\"0020FF\">10h30 &#8211;  Messe \u00e0 Cr\u00e9cy<\/font><\/td>\n<\/tr>\n<tr>\n<td><font color=\"00D000\">Samedi 30 mai<\/font><\/td>\n<td><font color=\"00D000\">18h30 : Messe \u00e0 Voulangis<\/font><\/td>\n<\/tr>\n<tr>\n<td><font color=\"880000\">Dimanche 31 mai<\/font><\/td>\n<td><font color=\"880000\">10h30 &#8211;  Messe de Pentec\u00f4te \u00e0 la Coll\u00e9giale avec profession de foi<\/font><\/td>\n<\/tr>\n<tr>\n<td><font color=\"000000\">Samedi 6 juin<\/font><\/td>\n<td><font color=\"000000\">18h30 : Messe \u00e0 Villiers<\/font><\/td>\n<\/tr>\n<tr>\n<td><font color=\"0020FF\">Dimanche 7 juin<\/font><\/td>\n<td><font color=\"0020FF\">10h30 &#8211;  Messe \u00e0 Cr\u00e9cy<\/font><\/td>\n<\/tr>\n<tr>\n<td><font color=\"00D000\">Samedi 13 juin<\/font><\/td>\n<td><font color=\"00D000\">18h30 : Messe \u00e0 Voulangis<\/font><\/td>\n<\/tr>\n<tr>\n<td><font color=\"880000\">Dimanche 14 juin<\/font><\/td>\n<td><font color=\"880000\">10h30 &#8211;  Messe de Premi\u00e8re communion \u00e0 la Coll\u00e9giale<\/font><\/td>\n<\/tr>\n<tr>\n<td><font color=\"880000\">Dimanche 21 juin<\/font><\/td>\n<td><font color=\"880000\">10h30 &#8211;  Messe d&rsquo;action de gr\u00e2ce \u00e0 la Coll\u00e9giale<\/font><\/td>\n<\/tr>\n<tr>\n<td><font color=\"0020FF\">Dimanche 28 juin<\/font><\/td>\n<td><font color=\"0020FF\">10h30 &#8211;  Messe \u00e0 Cr\u00e9cy<\/font><\/td>\n<\/tr>\n<\/tbody>\n<\/table>\n<\/div>\n<p><\/b><\/p>\n","protected":false},"excerpt":{"rendered":"<p>Voici le calendrier des messes du vendredi 8 mai au dimanche 28 juin 2009 vendredi 8 mai 11h : Messe \u00e0 Cr\u00e9cy pour les Anciens Combattants, pr\u00e9sid\u00e9e par le P\u00e8re Philippe LEGRAND, cur\u00e9 du&#46;&#46;&#46;<\/p>\n","protected":false},"author":2,"featured_media":0,"comment_status":"open","ping_status":"open","sticky":false,"template":"","format":"standard","meta":{"footnotes":""},"categories":[],"tags":[],"class_list":["post-107","post","type-post","status-publish","format-standard","hentry"],"_links":{"self":[{"href":"http:\/\/www.chapelle-crecy.com\/index.php?rest_route=\/wp\/v2\/posts\/107","targetHints":{"allow":["GET"]}}],"collection":[{"href":"http:\/\/www.chapelle-crecy.com\/index.php?rest_route=\/wp\/v2\/posts"}],"about":[{"href":"http:\/\/www.chapelle-crecy.com\/index.php?rest_route=\/wp\/v2\/types\/post"}],"author":[{"embeddable":true,"href":"http:\/\/www.chapelle-crecy.com\/index.php?rest_route=\/wp\/v2\/users\/2"}],"replies":[{"embeddable":true,"href":"http:\/\/www.chapelle-crecy.com\/index.php?rest_route=%2Fwp%2Fv2%2Fcomments&post=107"}],"version-history":[{"count":0,"href":"http:\/\/www.chapelle-crecy.com\/index.php?rest_route=\/wp\/v2\/posts\/107\/revisions"}],"wp:attachment":[{"href":"http:\/\/www.chapelle-crecy.com\/index.php?rest_route=%2Fwp%2Fv2%2Fmedia&parent=107"}],"wp:term":[{"taxonomy":"category","embeddable":true,"href":"http:\/\/www.chapelle-crecy.com\/index.php?rest_route=%2Fwp%2Fv2%2Fcategories&post=107"},{"taxonomy":"post_tag","embeddable":true,"href":"http:\/\/www.chapelle-crecy.com\/index.php?rest_route=%2Fwp%2Fv2%2Ftags&post=107"}],"curies":[{"name":"wp","href":"https:\/\/api.w.org\/{rel}","templated":true}]}}