{"id":1070,"date":"2017-07-15T23:56:07","date_gmt":"2017-07-15T23:56:07","guid":{"rendered":""},"modified":"-0001-11-30T00:00:00","modified_gmt":"-0001-11-29T22:00:00","slug":"","status":"publish","type":"post","link":"http:\/\/www.chapelle-crecy.com\/?p=1070","title":{"rendered":"Annonces du 17 au 23 juillet 2017"},"content":{"rendered":"<div align=\"justify\">Voici les annonces de la semaine du lundi 17 au dimanche 23 juillet 2017 pour la paroisse des 3 clochers Cr\u00e9cy-la-Chapelle, Villiers-sur-Morin, Voulangis. <\/p>\n<p>Dimanche 23 juillet \u00e0\u00a0 10 h 30, messe \u00e0\u00a0 Voulangis. <\/p>\n<p>Tous les d\u00e9tails dans la suite &#8230;\n<\/p><\/div>\n<div align=\"center\">\n<table bgcolor =\"F0F0F6\" border=0>\n<tbody>\n<td><font color=\"0E0C40\"><\/p>\n<div align=\"center\"><img decoding=\"async\" src=\"\/IMG\/personnes\/frederic.jpg\" width=200><br \/><i>St Fr\u00e9d\u00e9ric<\/i><\/div>\n<p><\/font><\/td>\n<td ><font color=\"0E0C40\"><\/p>\n<div align=\"center\">\n<b>Lundi 17 juillet<\/b><br \/>\n<i>Ste Charlotte<\/i><br \/>\n17 h &#8211; Messe \u00e0 la maison de retraite. <\/p>\n<p><b>Mardi 18 juillet<\/b><br \/>\n<i>St Fr\u00e9d\u00e9ric<\/i><br \/>\n11 h 00  Messe d&rsquo;obs\u00e8ques de Joseph (Jean Bernard) Buisset \u00e0 la <font color=\"FF0000\">Cath\u00e9drale de Meaux.<\/font><br \/>\n16 h 00  Inhumation de Joseph Buisset au cimeti\u00e8re de Cr\u00e9cy-la -Chapelle<br \/>\n18 h 00 &#8211; Messe \u00e0 Voulangis pour Edith COTTANCEAU et Jacques LAVILLAUDY et Messe anniversaire pour Paul BOYER.<\/p>\n<p><b>Mercredi 19 juillet<\/b><br \/>\n<i>St Ars\u00e8ne<\/i><br \/>\n9 h &#8211; -Messe \u00e0 Voulangis pour Lo\u00efc MEUNIER et R\u00e9mi GHENIN.<br \/>\n16 h 00  Bapt\u00eame \u00e0 Voulangis d&rsquo;Amiel MATICHAK.<\/td>\n<\/tr>\n<\/tbody>\n<\/table>\n<table bgcolor =\"F0F6FA\" border=0>\n<tbody>\n<tr>\n<td><font color=\"AE0F40\"><\/p>\n<div align=\"center\">\n<b>Jeudi 20 juillet<\/b><br \/> <br \/>\n<i>Ste Marina<\/i><br \/>\n18 h &#8211; Messe \u00e0 Voulangis pour Bernard GOURBAUD, Jeannine HUVELIN et Michel HOUEL.<\/p>\n<p><b>Vendredi 21 juillet<\/b><br \/> <br \/>\n<i>St Victor<\/i><br \/>\n9 h &#8211; Messe \u00e0 Voulangis pour Roger DUFAUX et Jean-Claude SIMON.\n<\/div>\n<p><\/font><\/td>\n<td><font color=\"AE0F40\"><\/p>\n<div align=\"center\"><img decoding=\"async\" src=\"\/IMG\/personnes\/victor.jpg\" width=200><br \/><i>Saint Victor de Marseille<\/i><\/div>\n<p><\/font><\/td>\n<\/tr>\n<\/tbody>\n<\/table>\n<table bgcolor =\"FFF6F0\" border=0>\n<tbody>\n<tr>\n<td><font color=\"00CC00\"><\/p>\n<div align=\"center\"><img decoding=\"async\" src=\"\/IMG\/personnes\/marie_madeleine.jpg\" width=200><br \/><i>Sainte Marie-Madeleine<\/i>\n<\/div>\n<p><\/font><\/td>\n<td><font color=\"00CC00\"><\/p>\n<div align=\"center\">\n<b>Samedi 22 juillet<\/b><br \/>\n<i>Sainte Marie-Madeleine<\/i><br \/>\nPas de messe en paroisse<\/p>\n<p>\n<b>Dimanche 23 juillet<\/b><br \/>\n16e Dimanche du Temps Ordinaire<br \/>\n10 h 30 &#8211; A Voulangis &#8211; Messe pour Fran\u00e7ois de LAUBRIERE,<br \/>\nMarie-Louise POUTONNET et Ludovic STEINER.\n<\/div>\n<p><\/font><\/td>\n<\/tr>\n<\/tbody>\n<\/table>\n<\/div>\n","protected":false},"excerpt":{"rendered":"<p>Voici les annonces de la semaine du lundi 17 au dimanche 23 juillet 2017 pour la paroisse des 3 clochers Cr\u00e9cy-la-Chapelle, Villiers-sur-Morin, Voulangis. Dimanche 23 juillet \u00e0\u00a0 10 h 30, messe \u00e0\u00a0 Voulangis. Tous&#46;&#46;&#46;<\/p>\n","protected":false},"author":2,"featured_media":0,"comment_status":"open","ping_status":"open","sticky":false,"template":"","format":"standard","meta":{"footnotes":""},"categories":[],"tags":[],"class_list":["post-1070","post","type-post","status-publish","format-standard","hentry"],"_links":{"self":[{"href":"http:\/\/www.chapelle-crecy.com\/index.php?rest_route=\/wp\/v2\/posts\/1070","targetHints":{"allow":["GET"]}}],"collection":[{"href":"http:\/\/www.chapelle-crecy.com\/index.php?rest_route=\/wp\/v2\/posts"}],"about":[{"href":"http:\/\/www.chapelle-crecy.com\/index.php?rest_route=\/wp\/v2\/types\/post"}],"author":[{"embeddable":true,"href":"http:\/\/www.chapelle-crecy.com\/index.php?rest_route=\/wp\/v2\/users\/2"}],"replies":[{"embeddable":true,"href":"http:\/\/www.chapelle-crecy.com\/index.php?rest_route=%2Fwp%2Fv2%2Fcomments&post=1070"}],"version-history":[{"count":0,"href":"http:\/\/www.chapelle-crecy.com\/index.php?rest_route=\/wp\/v2\/posts\/1070\/revisions"}],"wp:attachment":[{"href":"http:\/\/www.chapelle-crecy.com\/index.php?rest_route=%2Fwp%2Fv2%2Fmedia&parent=1070"}],"wp:term":[{"taxonomy":"category","embeddable":true,"href":"http:\/\/www.chapelle-crecy.com\/index.php?rest_route=%2Fwp%2Fv2%2Fcategories&post=1070"},{"taxonomy":"post_tag","embeddable":true,"href":"http:\/\/www.chapelle-crecy.com\/index.php?rest_route=%2Fwp%2Fv2%2Ftags&post=1070"}],"curies":[{"name":"wp","href":"https:\/\/api.w.org\/{rel}","templated":true}]}}