{"id":1072,"date":"2017-07-19T07:31:36","date_gmt":"2017-07-19T07:31:36","guid":{"rendered":""},"modified":"-0001-11-30T00:00:00","modified_gmt":"-0001-11-29T22:00:00","slug":"","status":"publish","type":"post","link":"http:\/\/www.chapelle-crecy.com\/?p=1072","title":{"rendered":"Lourdes 2017: l&rsquo;amour fraternel au rendez-vous"},"content":{"rendered":"<div align=\"justify\">Le p\u00e8lerinage dioc\u00e9sain 2017 \u00e0\u00a0 Lourdes est termin\u00e9 et chacun, p\u00e8lerins, malades et hospitaliers, est reparti retrouver son foyer et son quotidien avec la larme \u00e0\u00a0 l&rsquo;oeil. En plus de ce que chacun a v\u00e9cu en coeur \u00e0\u00a0 coeur avec la Vierge Marie, il reste [ce bel album photo ->http:\/\/2017.hospitalitedemeaux.fr] o\u00f9 chacun pourra se souvenir des belles c\u00e9l\u00e9brations v\u00e9cues ensemble et revivre les rencontres riches en amiti\u00e9. Ou alors, pour ceux qui n&rsquo;ont pas pu venir \u00e0\u00a0 ce p\u00e8lerinage, [ces photos ->http:\/\/2017.hospitalitedemeaux.fr] seront une d\u00e9couverte ou un t\u00e9moignage de ce qui se vit de fort dans la cit\u00e9 mariale.<br \/>\nSachez que le prochain p\u00e8lerinage \u00e0\u00a0 Lourdes aura lieu du vendredi 6 juillet 2018 au soir (d\u00e9part Seine-et-Marne) au jeudi 12 juillet 2018 au matin (retour en Seine et Marne). Notez bien ces dates dans vos agendas &#8230;<\/div>\n<div align=\"center\"><img decoding=\"async\" src=\"\/IMG\/jpg\/devasselot.jpg\"><\/div>\n<div align = \"center\"> [l&rsquo;album photo de Lourdes 2017->http:\/\/2017.hospitalitedemeaux.fr]<\/div>\n","protected":false},"excerpt":{"rendered":"<p>Le p\u00e8lerinage dioc\u00e9sain 2017 \u00e0\u00a0 Lourdes est termin\u00e9 et chacun, p\u00e8lerins, malades et hospitaliers, est reparti retrouver son foyer et son quotidien avec la larme \u00e0\u00a0 l&rsquo;oeil. En plus de ce que chacun a&#46;&#46;&#46;<\/p>\n","protected":false},"author":2,"featured_media":0,"comment_status":"open","ping_status":"open","sticky":false,"template":"","format":"standard","meta":{"footnotes":""},"categories":[],"tags":[],"class_list":["post-1072","post","type-post","status-publish","format-standard","hentry"],"_links":{"self":[{"href":"http:\/\/www.chapelle-crecy.com\/index.php?rest_route=\/wp\/v2\/posts\/1072","targetHints":{"allow":["GET"]}}],"collection":[{"href":"http:\/\/www.chapelle-crecy.com\/index.php?rest_route=\/wp\/v2\/posts"}],"about":[{"href":"http:\/\/www.chapelle-crecy.com\/index.php?rest_route=\/wp\/v2\/types\/post"}],"author":[{"embeddable":true,"href":"http:\/\/www.chapelle-crecy.com\/index.php?rest_route=\/wp\/v2\/users\/2"}],"replies":[{"embeddable":true,"href":"http:\/\/www.chapelle-crecy.com\/index.php?rest_route=%2Fwp%2Fv2%2Fcomments&post=1072"}],"version-history":[{"count":0,"href":"http:\/\/www.chapelle-crecy.com\/index.php?rest_route=\/wp\/v2\/posts\/1072\/revisions"}],"wp:attachment":[{"href":"http:\/\/www.chapelle-crecy.com\/index.php?rest_route=%2Fwp%2Fv2%2Fmedia&parent=1072"}],"wp:term":[{"taxonomy":"category","embeddable":true,"href":"http:\/\/www.chapelle-crecy.com\/index.php?rest_route=%2Fwp%2Fv2%2Fcategories&post=1072"},{"taxonomy":"post_tag","embeddable":true,"href":"http:\/\/www.chapelle-crecy.com\/index.php?rest_route=%2Fwp%2Fv2%2Ftags&post=1072"}],"curies":[{"name":"wp","href":"https:\/\/api.w.org\/{rel}","templated":true}]}}