{"id":1073,"date":"2017-08-25T20:06:17","date_gmt":"2017-08-25T20:06:17","guid":{"rendered":""},"modified":"-0001-11-30T00:00:00","modified_gmt":"-0001-11-29T22:00:00","slug":"","status":"publish","type":"post","link":"http:\/\/www.chapelle-crecy.com\/?p=1073","title":{"rendered":"Messes du 24 juillet au 27 aout"},"content":{"rendered":"<div align=\"justify\">Voici les possibilit\u00e9s de messes en semaine du 24 juillet au 27 aout 2017. Le p\u00e8re Aim\u00e9 remercie de tout coeur les p\u00e8res Rolland Adjalian et Maxime Hennou qui ont accept\u00e9 de s&rsquo;imposer \u00ab\u00a0le grand sacrifice\u00a0\u00bb de c\u00e9l\u00e9brer quelques messes quotidiennes pendant le temps de ses vacances, ce sera en bravant des conditions exceptionnelles de d\u00e9placement et d&rsquo;harmonisation de leur agenda.<\/p>\n<p>Nous ins\u00e9rons \u00e9galement dans ce programme les messes des dimanches et de l&rsquo;Assomption.<\/p><\/div>\n<div align=\"center\">\n<table bgcolor =\"F0F0F6\" border=0>\n<tbody>\n<td><font color=\"0E0C40\"><br \/>\nSemaine du 24 au 30 juillet 2017 (Par le P\u00e8re Rolland Adjalian)<\/p>\n<p>&#8211; Mardi 25 juillet &#8211; 9 h 00  Messe \u00e0 Voulangis<br \/>\n&#8211; Jeudi 27 juillet &#8211; 18 h 00 &#8211; Messe \u00e0 Voulangis<br \/>\n&#8211; Vendredi 28 juillet &#8211; 9 h 00  Messe \u00e0 Voulangis<br \/>\n&#8211; Vendredi 28 juillet &#8211; 11 h \u00e0 Villiers, obs\u00e8ques de Alexandrine DIBON n\u00e9e Lah\u00e9.<br \/>\n&#8211; Samedi 29 juillet &#8211; 10 h 30 \u00e0 la coll\u00e9giale, obs\u00e8ques de Franck DJOLO LOKETEMBO.<\/p>\n<p>Dimanche 30 juillet &#8211; 10 h 30 &#8211; Messe \u00e0 Voulangis pour Franck DJOLO LOKETEMBO.\n<\/td>\n<td><font color=\"0E0C40\"><\/p>\n<div align=\"center\"><img decoding=\"async\" src=\"\/IMG\/personnes\/jacques_majeur.jpg\" width=200><br \/><i>Saint Jacques le Majeur <br \/>(f\u00eat\u00e9 le 25 juillet)<\/i><\/div>\n<p><\/font><\/td>\n<\/tr>\n<\/tbody>\n<\/table>\n<table bgcolor =\"F0F6FA\" border=0>\n<tbody>\n<tr>\n<td><font color=\"AE0F40\"><\/p>\n<div align=\"center\"><img decoding=\"async\" src=\"\/IMG\/personnes\/alphonse_liguori.jpg\" width=200><br \/><i>Saint Alphonse-Marie de Liguori<br \/> (f\u00eat\u00e9 le 1er aout)<\/i><\/div>\n<p><\/font><\/td>\n<td><font color=\"AE0F40\"><br \/>\nSemaine du 31 juillet au 6 ao\u00fbt 2017 : PAS DE MESSE EN SEMAINE except\u00e9<br \/>\n&#8211; Lundi 31 juillet &#8211; 17 h 00  Messe \u00e0 la Maison de retraite (Par le P\u00e8re Rolland)<br \/>\n&#8211; Mardi 1er ao\u00fbt &#8211; 09 h 00  Messe \u00e0 Voulangis pour Mich\u00e8le HAESE et John STEPHENS (Par le P\u00e8re Rolland)<br \/>\n&#8211; Jeudi 3 ao\u00fbt &#8211; 15 h 30 &#8211; A Voulangis, obs\u00e8ques de Conrad CARPANEDO<\/p>\n<p>Dimanche 6 Ao\u00fbt &#8211; 9 h 30 &#8211; Messe \u00e0 Villiers pour Maurice MEUNIER, Roger DUFAUX et Alexandrine DIBON\n<\/td>\n<\/tr>\n<\/tbody>\n<\/table>\n<table bgcolor =\"FFF6F0\" border=0>\n<tbody>\n<tr>\n<td><font color=\"00CC00\"><br \/>\nSemaine du 7 au 13 ao\u00fbt 2017 (Par le P\u00e8re Maxime Hennou)<br \/>\n&#8211; Lundi 7 ao\u00fbt &#8211; 17 h 00 &#8211; Messe \u00e0 la Maison de retraite<br \/>\n&#8211; Mardi 8 ao\u00fbt &#8211; 09 h 00  Messe \u00e0 Voulangis pour Marie-Louise POUTONNET.<br \/>\n&#8211; Mercredi 9 ao\u00fbt &#8211; Pas de messe en paroisse<br \/>\n&#8211; Jeudi 10 ao\u00fbt &#8211; 18 h 00 &#8211; Messe \u00e0 Voulangis pour Andr\u00e9 et Zo\u00e9 MOREL.<br \/>\n&#8211; Vendredi 11 ao\u00fbt &#8211; 9 h 00 &#8211; Messe \u00e0 Voulangis pour Jean ROSIER.<\/p>\n<p>Dimanche 13 ao\u00fbt &#8211; 9 h 30 &#8211; Messe \u00e0 Voulangis pour M. et Mme CHIQUET et Val\u00e9rie SCHULER<\/p>\n<td><font color=\"00CC00\"><\/p>\n<div align=\"center\"><img decoding=\"async\" src=\"\/IMG\/personnes\/claire.jpg\" width=200><br \/><i>Sainte Claire <br \/>(f\u00eat\u00e9e le 11 ao\u00fbt)<\/i><\/div>\n<p><\/font><\/td>\n<\/td>\n<\/tr>\n<\/tbody>\n<\/table>\n<table bgcolor =\"F0F0F6\" border=0>\n<tbody>\n<td><font color=\"0E0C40\"><\/p>\n<div align=\"center\"><img decoding=\"async\" src=\"\/IMG\/lieux\/lourdes11.jpg\" width=200><br \/><i>L&rsquo;assomption de la vierge (Lourdes)<\/i><\/div>\n<p><\/font><\/td>\n<td><font color=\"0E0C40\"><br \/>\nSemaine du 14 au 20 ao\u00fbt 2017 (Par le P\u00e8re Rolland Adjalian)<br \/>\n&#8211; Lundi 14 ao\u00fbt &#8211; 17 h 00  Messe de l&rsquo;Assomption \u00e0 la Maison de retraite<\/p>\n<p>Mardi 15 aout &#8211; 10 h 30 &#8211; Messe de l&rsquo;Assomption \u00e0 la coll\u00e9giale<\/p>\n<p>&#8211; Mercredi 16 ao\u00fbt- 09 h 00 &#8211; Messe \u00e0 Voulangis pour Marie-Louise POUTONNET<br \/>\n&#8211; Jeudi 17 ao\u00fbt- 18 h 00 &#8211; Messe \u00e0 Voulangis pour les d\u00e9funts de la famille MACQUART-PUEL.<br \/>\n&#8211; Vendredi 18 ao\u00fbt &#8211; 09 h 00  Messe \u00e0 Voulangis pour M. et Mme NOEL<\/p>\n<p>Dimanche 20 ao\u00fbt &#8211; 9 h 30 &#8211; Messe \u00e0 Villiers pour Jean ROSIER et Lucienne BLAVIER. Nous prierons aussi pour Conrad CARPANEDO d\u00e9c\u00e9d\u00e9 r\u00e9cemment.\n<\/td>\n<\/tr>\n<\/tbody>\n<\/table>\n<table bgcolor =\"F0F6FA\" border=0>\n<tbody>\n<tr>\n<td><font color=\"AE0F40\"><br \/>\nSemaine du 21 au 27 ao\u00fbt 2017 :<br \/>\n&#8211; Lundi 21 ao\u00fbt &#8211; 17 h 00  Messe \u00e0 la Maison de retraite<br \/>\n&#8211; Mardi 22 ao\u00fbt &#8211; 9 h &#8211; messe \u00e0 Voulangis<br \/>\n&#8211; Mardi 22 ao\u00fbt &#8211; 15 h &#8211; A Voulangis, obs\u00e8ques de Ginette PIGEON<br \/>\n&#8211; Mercredi 23 ao\u00fbt &#8211; 9 h &#8211; messe \u00e0 Voulangis<br \/>\n&#8211; Jeudi 24 ao\u00fbt &#8211; 9 h &#8211; messe \u00e0 Voulangis<br \/>\n&#8211; Vendredi 25 ao\u00fbt &#8211; 09 h 00  Messe \u00e0 Voulangis pour la famille PANHARD<\/p>\n<p>Dimanche 27 aout &#8211; 10 h 30 &#8211; Messe \u00e0 Voulangis pour Bertrand PUECH ainsi que pour Ginette PIGEON inhum\u00e9e cette semaine. <\/p>\n<td><font color=\"AE0F40\"><\/p>\n<div align=\"center\"><img decoding=\"async\" src=\"\/IMG\/personnes\/rose-de-lima.jpg\" width=200><br \/><i>Sainte Rose de Lima <br \/>(f\u00eat\u00e9e le 23 aout)<\/i><\/div>\n<p><\/font><\/td>\n<\/td>\n<\/tr>\n<\/tbody>\n<\/table>\n<\/div>\n","protected":false},"excerpt":{"rendered":"<p>Voici les possibilit\u00e9s de messes en semaine du 24 juillet au 27 aout 2017. Le p\u00e8re Aim\u00e9 remercie de tout coeur les p\u00e8res Rolland Adjalian et Maxime Hennou qui ont accept\u00e9 de s&rsquo;imposer \u00ab\u00a0le&#46;&#46;&#46;<\/p>\n","protected":false},"author":2,"featured_media":0,"comment_status":"open","ping_status":"open","sticky":false,"template":"","format":"standard","meta":{"footnotes":""},"categories":[],"tags":[],"class_list":["post-1073","post","type-post","status-publish","format-standard","hentry"],"_links":{"self":[{"href":"http:\/\/www.chapelle-crecy.com\/index.php?rest_route=\/wp\/v2\/posts\/1073","targetHints":{"allow":["GET"]}}],"collection":[{"href":"http:\/\/www.chapelle-crecy.com\/index.php?rest_route=\/wp\/v2\/posts"}],"about":[{"href":"http:\/\/www.chapelle-crecy.com\/index.php?rest_route=\/wp\/v2\/types\/post"}],"author":[{"embeddable":true,"href":"http:\/\/www.chapelle-crecy.com\/index.php?rest_route=\/wp\/v2\/users\/2"}],"replies":[{"embeddable":true,"href":"http:\/\/www.chapelle-crecy.com\/index.php?rest_route=%2Fwp%2Fv2%2Fcomments&post=1073"}],"version-history":[{"count":0,"href":"http:\/\/www.chapelle-crecy.com\/index.php?rest_route=\/wp\/v2\/posts\/1073\/revisions"}],"wp:attachment":[{"href":"http:\/\/www.chapelle-crecy.com\/index.php?rest_route=%2Fwp%2Fv2%2Fmedia&parent=1073"}],"wp:term":[{"taxonomy":"category","embeddable":true,"href":"http:\/\/www.chapelle-crecy.com\/index.php?rest_route=%2Fwp%2Fv2%2Fcategories&post=1073"},{"taxonomy":"post_tag","embeddable":true,"href":"http:\/\/www.chapelle-crecy.com\/index.php?rest_route=%2Fwp%2Fv2%2Ftags&post=1073"}],"curies":[{"name":"wp","href":"https:\/\/api.w.org\/{rel}","templated":true}]}}