{"id":1074,"date":"2017-08-25T20:54:18","date_gmt":"2017-08-25T20:54:18","guid":{"rendered":""},"modified":"-0001-11-30T00:00:00","modified_gmt":"-0001-11-29T22:00:00","slug":"","status":"publish","type":"post","link":"http:\/\/www.chapelle-crecy.com\/?p=1074","title":{"rendered":"P\u00e8lerinage de Saint Fiacre  le dimanche 3 septembre 2017"},"content":{"rendered":"<div align=\"justify\">\nEn l&rsquo;honneur de la f\u00eate de notre c\u00e9l\u00e8bre et local saint patron des jardiniers, vous \u00eates chaleureusement invit\u00e9s par:<\/p>\n<div align=\"center\"><img decoding=\"async\" src=\"\/IMG\/jpg\/logo-stfiacre.jpg\" width=350><\/div>\n<p>&#8211; 10h00: Rendez-vous au calvaire de Saint Fiacre, puis procession jusqu&rsquo;\u00e0\u00a0 l&rsquo;\u00e9glise<br \/>\n&#8211; 10h30: Messe de rentr\u00e9e c\u00e9l\u00e9br\u00e9e par le P\u00e8re Philippe Legrand et b\u00e9n\u00e9diction des cartables.<br \/>\n&#8211; 12h00: Ap\u00e9ritif sur le parvis de l&rsquo;\u00e9glise, suivi d&rsquo;un repas tir\u00e9 du sac. Exposition historique sur le th\u00e8me \u00ab\u00a0Saint Fiacre, notre village\u00a0\u00bb.<br \/>\n&#8211; 14h00: Causerie historique sur le village de Saint-Fiacre par Mr Olivier Blamont.<br \/>\n&#8211; 15h00: Marche vers la fontaine Saint Fiacre. R\u00e9flexion sur le th\u00e8me de la famille.<br \/>\n&#8211; 17h00: Temps de pri\u00e8re, d&rsquo;\u00e9change et de m\u00e9ditation.<\/p>\n<p>Pour tout compl\u00e9ment d&rsquo;information, veuillez \u00e9crire \u00e0\u00a0 eap@saint-fiacre.org.<br \/>\nDans la suite de l&rsquo;article, nous vous sugg\u00e9rons de prendre connaissance de l&rsquo;histoire de Saint Fiacre &#8230;\n<\/p><\/div>\n<div align=\"justify>L&rsquo;existence de Saint Fiacre est attest\u00e9e, par des textes, d\u00e8s le IX\u00e8me si\u00e8cle. N\u00e9 en Irlande, il gagna le continent et fut, au VII\u00e8me si\u00e8cle, un \u00e9vang\u00e9lisateur de la r\u00e9gion de Meaux, dont l&rsquo;\u00e9v\u00eaque Saint Faron, lui conc\u00e9da un lieu appel\u00e9 \u00ab\u00a0Breuil\u00a0\u00bb, aujourd&rsquo;hui Saint-Fiacre, afin d&rsquo;installer, avec quelques compagnons, un petit monast\u00e8re d\u00e9di\u00e9 \u00e0 Notre-Dame.<\/p>\n<p> Pour subvenir aux besoins de ceux qui venaient \u00e0 lui, Saint Fiacre, selon les r\u00e9cits m\u00e9di\u00e9vaux, demanda \u00e0 l&rsquo;\u00e9v\u00eaque l&rsquo;autorisation d&rsquo;agrandir son domaine. Faron lui accorda tout le territoire qu&rsquo;il pourrait d\u00e9fricher un jour. Sa b\u00e8che avan\u00e7a avec une telle rapidit\u00e9 que les arbres tombaient comme d&rsquo;eux-m\u00eames, au passage du saint. A la vue de ce prodige, une femme du pays, la Becnaude, l&rsquo;accusa de sorcellerie aupr\u00e8s de l&rsquo;\u00e9v\u00eaque. Attrist\u00e9, Fiacre s&rsquo;assit sur une pierre qui s&rsquo;amollit aussit\u00f4t sous son poids. Saint-Faron rendit son jugement en faveur de l&rsquo;Irlandais, qui mourut, d&rsquo;apr\u00e8s la tradition, le 30 ao\u00fbt 670.<\/p>\n<p> Le monast\u00e8re devenu prieur\u00e9 fut un lieu de p\u00e8lerinage tr\u00e8s fr\u00e9quent\u00e9 tant par les grands, la reine Anne d&rsquo;Autriche, le roi Louis XIV et la reine Marie-Th\u00e9r\u00e8se, que par le peuple, et de nombreuses gu\u00e9risons y furent constat\u00e9es &#8230; <\/p>\n<p> PS: dans le d\u00e9pliant ci-joint, vous trouverez toutes les informations et le plan pour se rendre \u00e0 Saint Fiacre.<\/p>\n<div align=\"center\"><img decoding=\"async\" src=\"\/IMG\/jpg\/stfiacre4.jpg\" width=450><\/div>\n<p> <br \/>\nA propos de St-Fiacre : <a href=\"http:\/\/www.emegm.com\/spip.php?article6&#038;lang=fr\" target=\"blank\"><b>Sur les traces de Saint-Fiacre<\/b><\/a><\/p>\n<\/div>\n","protected":false},"excerpt":{"rendered":"<p>En l&rsquo;honneur de la f\u00eate de notre c\u00e9l\u00e8bre et local saint patron des jardiniers, vous \u00eates chaleureusement invit\u00e9s par: &#8211; 10h00: Rendez-vous au calvaire de Saint Fiacre, puis procession jusqu&rsquo;\u00e0\u00a0 l&rsquo;\u00e9glise &#8211; 10h30: Messe&#46;&#46;&#46;<\/p>\n","protected":false},"author":2,"featured_media":0,"comment_status":"open","ping_status":"open","sticky":false,"template":"","format":"standard","meta":{"footnotes":""},"categories":[],"tags":[],"class_list":["post-1074","post","type-post","status-publish","format-standard","hentry"],"_links":{"self":[{"href":"http:\/\/www.chapelle-crecy.com\/index.php?rest_route=\/wp\/v2\/posts\/1074","targetHints":{"allow":["GET"]}}],"collection":[{"href":"http:\/\/www.chapelle-crecy.com\/index.php?rest_route=\/wp\/v2\/posts"}],"about":[{"href":"http:\/\/www.chapelle-crecy.com\/index.php?rest_route=\/wp\/v2\/types\/post"}],"author":[{"embeddable":true,"href":"http:\/\/www.chapelle-crecy.com\/index.php?rest_route=\/wp\/v2\/users\/2"}],"replies":[{"embeddable":true,"href":"http:\/\/www.chapelle-crecy.com\/index.php?rest_route=%2Fwp%2Fv2%2Fcomments&post=1074"}],"version-history":[{"count":0,"href":"http:\/\/www.chapelle-crecy.com\/index.php?rest_route=\/wp\/v2\/posts\/1074\/revisions"}],"wp:attachment":[{"href":"http:\/\/www.chapelle-crecy.com\/index.php?rest_route=%2Fwp%2Fv2%2Fmedia&parent=1074"}],"wp:term":[{"taxonomy":"category","embeddable":true,"href":"http:\/\/www.chapelle-crecy.com\/index.php?rest_route=%2Fwp%2Fv2%2Fcategories&post=1074"},{"taxonomy":"post_tag","embeddable":true,"href":"http:\/\/www.chapelle-crecy.com\/index.php?rest_route=%2Fwp%2Fv2%2Ftags&post=1074"}],"curies":[{"name":"wp","href":"https:\/\/api.w.org\/{rel}","templated":true}]}}